{"id":30626,"date":"2025-08-18T07:35:00","date_gmt":"2025-08-18T11:35:00","guid":{"rendered":"https:\/\/www.semanariolocal.cl\/?p=30626"},"modified":"2025-08-18T23:43:41","modified_gmt":"2025-08-19T03:43:41","slug":"una-urgencia-educativa-quien-ensena-en-un-aula-diversa","status":"publish","type":"post","link":"https:\/\/www.semanariolocal.cl\/?p=30626","title":{"rendered":"Una urgencia educativa: \u00bfqui\u00e9n ense\u00f1a en un aula diversa?."},"content":{"rendered":"\n<p><strong><mark style=\"background-color:#abb8c3\" class=\"has-inline-color has-white-color\">18 de Agosto del 2025.- <\/mark><\/strong> Seg\u00fan cifras de Elige Educar <strong>para el a\u00f1o 2025, se proyecta un d\u00e9ficit <\/strong>en las salas de clase de <strong>m\u00e1s de 26.000 docentes calificados<\/strong>, esto equivale a un 19 % de los profesionales requeridos a nivel nacional, junto a esta alarmante necesidad, se suma el bajo ingreso a las carreras de pedagog\u00eda siendo <strong>solo el 4,6 % de la matr\u00edcula universitaria en el a\u00f1o 2025<\/strong>. Esta ca\u00edda en las vocaciones docentes pone en jaque la calidad educativa y profundiza inequidades territoriales y disciplinarias, como tambi\u00e9n la correcta atenci\u00f3n de ni\u00f1os, ni\u00f1as, j\u00f3venes y adultos en el sistema educativo chileno.<\/p>\n\n\n\n<p>Los datos muestran que, si bien hubo un leve aumento en postulaciones a partir de 2023, seg\u00fan CIPER Chile, este se explica m\u00e1s por menores exigencias o mayores opciones de acceso que por rescatar el valor de la profesi\u00f3n. Pese a que cerca de <strong>11.000 titulados al a\u00f1o<\/strong> de pedagog\u00eda podr\u00edan sumarse al sistema, la mitad no ejerce; y del total que lo hace, el <strong>10 % abandona en el primer a\u00f1o y un 15 % durante el tercero<\/strong> CIPER Chile, principalmente aluden estas razones de deserci\u00f3n la falta de formaci\u00f3n para atender la diversidad, el acompa\u00f1amiento de instalaci\u00f3n de pol\u00edticas p\u00fablicas, bajos salarios, la violencia escolar, la falta de formaci\u00f3n para atender a la diversidad, condiciones de clima laboral inadecuadas que afectan la salud mental y el desempe\u00f1o profesional docente, adem\u00e1s de la sobrecarga t\u00e9cnico- administrativa la que limita el tiempo destinado a ense\u00f1anza efectiva en el aula.<\/p>\n\n\n\n<p>De forma paralela, la legislaci\u00f3n chilena en tem\u00e1ticas de inclusi\u00f3n escolar ha avanzado significativamente con la <strong>Ley de Inclusi\u00f3n Escolar (2015)<\/strong> y la <strong>Ley TEA (21.545)<\/strong>, que reconocen el derecho de estudiantes con Trastorno del Espectro Autista a una educaci\u00f3n en contexto inclusivo. Sin embargo, la formaci\u00f3n inicial docente sigue siendo <strong>\u201cabsolutamente insuficiente en educaci\u00f3n inclusiva\u201d manifestando esta aseveraci\u00f3n con la atenci\u00f3n de estudiantes que presentan Necesidades Educativas Especial (NEE)<\/strong>, con escasa preparaci\u00f3n de los educadores y profesores de las distintas disciplinas frente a la atenci\u00f3n a la diversidad y el manejo de estrategias diversificadas para atender en el aula.<\/p>\n\n\n\n<p>Ahora si verificamos esta necesidad, sin duda nos planteamos la siguiente inquietud <strong>\u00bfD\u00f3nde radica el fallo?<\/strong>, ser\u00e1 la instalaci\u00f3n de pol\u00edticas fragmentadas, en donde se entregan recursos y directrices para su implementaci\u00f3n, sin un acompa\u00f1amiento in situ en el aula, comprendiendo que estas pol\u00edticas quedan muy bien presentadas en papel, pero la sala de clases no recibe el respaldo formativo, metodol\u00f3gico ni humano que exige un paradigma inclusivo y diverso y por sobre todo el trabajo profundo de un cambio cultural con la comunidad educativa. Desde este punto de vista, se considera la implementaci\u00f3n de diversas pol\u00edticas desconectada de la realidad escolar, lo que se representa en una profundiza brecha entre teor\u00eda y pr\u00e1ctica. <strong>Sin profesores bien preparados y motivados por las pol\u00edticas p\u00fablicas al cambio<\/strong>, el derecho a una educaci\u00f3n inclusiva ser\u00e1 siempre letra muerta sin progresar, faltando gravemente al derecho de la educaci\u00f3n en igual dad y equidad de oportunidades.<\/p>\n\n\n\n<p><em>Monona Vald\u00e9s, acad\u00e9mica de la Facultad de Educaci\u00f3n y Ciencias Sociales UNAB.<\/em><\/p>\n","protected":false},"excerpt":{"rendered":"<p>Chile enfrenta una de las mayores crisis en su sistema educativo..<\/p>\n","protected":false},"author":1,"featured_media":30627,"comment_status":"closed","ping_status":"closed","sticky":false,"template":"","format":"standard","meta":{"footnotes":""},"categories":[3,11,7],"tags":[2118,337,4601,273,247,133],"class_list":["post-30626","post","type-post","status-publish","format-standard","has-post-thumbnail","hentry","category-al-dia","category-educacion","category-opinion","tag-semanariolocal","tag-informacion","tag-monona-valdez","tag-noticias","tag-region-de-los-lagos","tag-semanario-local"],"_links":{"self":[{"href":"https:\/\/www.semanariolocal.cl\/index.php?rest_route=\/wp\/v2\/posts\/30626","targetHints":{"allow":["GET"]}}],"collection":[{"href":"https:\/\/www.semanariolocal.cl\/index.php?rest_route=\/wp\/v2\/posts"}],"about":[{"href":"https:\/\/www.semanariolocal.cl\/index.php?rest_route=\/wp\/v2\/types\/post"}],"author":[{"embeddable":true,"href":"https:\/\/www.semanariolocal.cl\/index.php?rest_route=\/wp\/v2\/users\/1"}],"replies":[{"embeddable":true,"href":"https:\/\/www.semanariolocal.cl\/index.php?rest_route=%2Fwp%2Fv2%2Fcomments&post=30626"}],"version-history":[{"count":2,"href":"https:\/\/www.semanariolocal.cl\/index.php?rest_route=\/wp\/v2\/posts\/30626\/revisions"}],"predecessor-version":[{"id":30629,"href":"https:\/\/www.semanariolocal.cl\/index.php?rest_route=\/wp\/v2\/posts\/30626\/revisions\/30629"}],"wp:featuredmedia":[{"embeddable":true,"href":"https:\/\/www.semanariolocal.cl\/index.php?rest_route=\/wp\/v2\/media\/30627"}],"wp:attachment":[{"href":"https:\/\/www.semanariolocal.cl\/index.php?rest_route=%2Fwp%2Fv2%2Fmedia&parent=30626"}],"wp:term":[{"taxonomy":"category","embeddable":true,"href":"https:\/\/www.semanariolocal.cl\/index.php?rest_route=%2Fwp%2Fv2%2Fcategories&post=30626"},{"taxonomy":"post_tag","embeddable":true,"href":"https:\/\/www.semanariolocal.cl\/index.php?rest_route=%2Fwp%2Fv2%2Ftags&post=30626"}],"curies":[{"name":"wp","href":"https:\/\/api.w.org\/{rel}","templated":true}]}}