{"id":30610,"date":"2025-08-18T08:00:00","date_gmt":"2025-08-18T12:00:00","guid":{"rendered":"https:\/\/www.semanariolocal.cl\/?p=30610"},"modified":"2025-08-18T22:40:19","modified_gmt":"2025-08-19T02:40:19","slug":"curar-la-inequidad-solidaridad-en-tiempos-de-cancer","status":"publish","type":"post","link":"https:\/\/www.semanariolocal.cl\/?p=30610","title":{"rendered":"Curar la inequidad: Solidaridad en tiempos de c\u00e1ncer"},"content":{"rendered":"\n<p><strong><mark style=\"background-color:#abb8c3\" class=\"has-inline-color has-white-color\">18 de Agosto del 2025.- <\/mark><\/strong> Mientras algunos acceden a diagn\u00f3sticos y tratamientos oportunos, otros \u2014por el lugar donde viven, su situaci\u00f3n econ\u00f3mica o la saturaci\u00f3n del sistema de salud\u2014 se ven obligados a esperar. Y en c\u00e1ncer, sabemos que el tiempo puede marcar la diferencia entre la vida y la muerte. Esta inequidad no solo se refleja en cifras, sino en historias reales de personas y familias que enfrentan la enfermedad en condiciones muy diferentes.<\/p>\n\n\n\n<p>No es casual que la salud se haya instalado como una preocupaci\u00f3n transversal en nuestro pa\u00eds. As\u00ed lo refleja la Encuesta CEP de julio, que posiciona este tema, despu\u00e9s de la delincuencia, como el segundo problema m\u00e1s importante a abordar por el gobierno, sin distinci\u00f3n de g\u00e9nero, territorio o nivel socioecon\u00f3mico.&nbsp; A esto se suma un deterioro en la percepci\u00f3n de salud individual, especialmente en sectores m\u00e1s vulnerables. La sensaci\u00f3n de abandono es evidente y la urgencia de respuestas, tambi\u00e9n.<\/p>\n\n\n\n<p>Uno de los mayores d\u00e9ficits en oncolog\u00eda hoy es la latencia:15.000 personas en lista de espera con sospecha o diagn\u00f3stico de c\u00e1ncer \u2014seg\u00fan datos del Minsal a diciembre del 2024\u2014 y con sus garant\u00edas GES vencidas. Son pacientes que no han podido ser absorbidos por el sistema de salud: padres, hermanos, hijos, familias enteras que esperan y merecen una soluci\u00f3n. Una dolorosa realidad que, pese a los esfuerzos de la autoridad, est\u00e1 lejos de cambiar.<\/p>\n\n\n\n<p>La desigualdad es a\u00fan m\u00e1s evidente al mirar lo que ocurre en regiones, donde la falta de equipos, especialistas e infraestructura limita gravemente el acceso. La escasez de onc\u00f3logos y la concentraci\u00f3n de profesionales en algunas zonas del pa\u00eds generan demoras en el diagn\u00f3stico y tratamiento, prolongando las listas de espera. En regiones extremas como Arica, Tarapac\u00e1, Ays\u00e9n y Magallanes, la situaci\u00f3n es cr\u00edtica: cada una cuenta con un solo onc\u00f3logo para toda su poblaci\u00f3n, muy lejos de los 21 especialistas por cada mill\u00f3n de habitantes que tienen, en promedio, los pa\u00edses de la OCDE.<\/p>\n\n\n\n<p>En Fundaci\u00f3n Arturo L\u00f3pez P\u00e9rez (FALP) trabajamos desde hace m\u00e1s de siete d\u00e9cadas para ampliar el acceso oportuno a diagn\u00f3sticos y tratamientos de calidad, con un modelo de salud social que acoge al paciente en su vulnerabilidad. Para contribuir a reducir esta brecha, FALP administra un Fondo de Tratamientos Solidarios que, gracias al aporte de nuestros socios, se destina \u00edntegramente al cuidado de los pacientes. As\u00ed, a la fecha, hemos podido apoyar a m\u00e1s de 2.000 personas con diagn\u00f3sticos, cirug\u00edas y terapias oncol\u00f3gicas.<\/p>\n\n\n\n<p>Hoy, m\u00e1s que nunca, la solidaridad es parte del tratamiento. Recordando el legado de San Alberto Hurtado, quien nos interpel\u00f3 a no quedar indiferentes ante el sufrimiento del otro, en el D\u00eda de la Solidaridad que conmemoramos cada 18 de agosto, hacemos un llamado no solo a reflexionar, sino a actuar. Las empresas tambi\u00e9n est\u00e1n llamadas a seguir un prop\u00f3sito que trascienda: ser parte activa de la soluci\u00f3n a los grandes desaf\u00edos sociales, como el c\u00e1ncer, es tambi\u00e9n una forma de liderar con sentido. Por s\u00ed sola, quiz\u00e1 ninguna pueda cambiar el mundo, pero unidas y coordinadas desde su liderazgo, s\u00ed pueden salvar vidas.<\/p>\n\n\n\n<p>Por eso, nuestra invitaci\u00f3n es a sumar esfuerzos. Porque cada aporte, cada gesto, cada compromiso con esta causa \u2014desde el mundo p\u00fablico y privado\u2014 puede cambiar la biograf\u00eda de una persona y su familia. Y porque, en tiempos de c\u00e1ncer, curar la inequidad tambi\u00e9n es una forma de sanar.<\/p>\n\n\n\n<p><strong>Soledad Neumann, Gerente de Fundraising Fundaci\u00f3n Arturo L\u00f3pez P\u00e9rez (FALP).<\/strong><\/p>\n","protected":false},"excerpt":{"rendered":"<p>En Chile persisten profundas desigualdades en la forma en que el c\u00e1ncer impacta a las personas. <\/p>\n","protected":false},"author":1,"featured_media":30611,"comment_status":"closed","ping_status":"closed","sticky":false,"template":"","format":"standard","meta":{"footnotes":""},"categories":[3,4514,4396,3858,3823,2484,4395],"tags":[2118,1499,3657,4552,337,273,247,56,133,4598],"class_list":["post-30610","post","type-post","status-publish","format-standard","has-post-thumbnail","hentry","category-al-dia","category-cuidado-personal","category-especialista","category-fundaciones","category-ong","category-salud","category-sociedad","tag-semanariolocal","tag-cancer","tag-falp","tag-fundacion-arturo-lopez-perez","tag-informacion","tag-noticias","tag-region-de-los-lagos","tag-salud","tag-semanario-local","tag-soledad-neumann"],"_links":{"self":[{"href":"https:\/\/www.semanariolocal.cl\/index.php?rest_route=\/wp\/v2\/posts\/30610","targetHints":{"allow":["GET"]}}],"collection":[{"href":"https:\/\/www.semanariolocal.cl\/index.php?rest_route=\/wp\/v2\/posts"}],"about":[{"href":"https:\/\/www.semanariolocal.cl\/index.php?rest_route=\/wp\/v2\/types\/post"}],"author":[{"embeddable":true,"href":"https:\/\/www.semanariolocal.cl\/index.php?rest_route=\/wp\/v2\/users\/1"}],"replies":[{"embeddable":true,"href":"https:\/\/www.semanariolocal.cl\/index.php?rest_route=%2Fwp%2Fv2%2Fcomments&post=30610"}],"version-history":[{"count":1,"href":"https:\/\/www.semanariolocal.cl\/index.php?rest_route=\/wp\/v2\/posts\/30610\/revisions"}],"predecessor-version":[{"id":30612,"href":"https:\/\/www.semanariolocal.cl\/index.php?rest_route=\/wp\/v2\/posts\/30610\/revisions\/30612"}],"wp:featuredmedia":[{"embeddable":true,"href":"https:\/\/www.semanariolocal.cl\/index.php?rest_route=\/wp\/v2\/media\/30611"}],"wp:attachment":[{"href":"https:\/\/www.semanariolocal.cl\/index.php?rest_route=%2Fwp%2Fv2%2Fmedia&parent=30610"}],"wp:term":[{"taxonomy":"category","embeddable":true,"href":"https:\/\/www.semanariolocal.cl\/index.php?rest_route=%2Fwp%2Fv2%2Fcategories&post=30610"},{"taxonomy":"post_tag","embeddable":true,"href":"https:\/\/www.semanariolocal.cl\/index.php?rest_route=%2Fwp%2Fv2%2Ftags&post=30610"}],"curies":[{"name":"wp","href":"https:\/\/api.w.org\/{rel}","templated":true}]}}