{"id":3059,"date":"2021-11-16T22:27:09","date_gmt":"2021-11-17T01:27:09","guid":{"rendered":"https:\/\/www.semanariolocal.cl\/?p=3059"},"modified":"2021-11-16T22:27:10","modified_gmt":"2021-11-17T01:27:10","slug":"chile-y-corea-firman-memorandum-de-entendimiento-por-hidrogeno-verde","status":"publish","type":"post","link":"https:\/\/www.semanariolocal.cl\/?p=3059","title":{"rendered":"Chile y Corea firman Memor\u00e1ndum de entendimiento por hidr\u00f3geno verde"},"content":{"rendered":"\n<p style=\"font-size:17px\"><strong>Se\u00fal, Corea, noviembre de 2021.<\/strong>&nbsp;La Estrategia Nacional de hidr\u00f3geno verde suma un nuevo hito, y es que esta semana, desde Corea, el Ministro de Energ\u00eda y Miner\u00eda de Chile, Juan Carlos Jobet, junto al Ministro de Comercio, Industria y Energ\u00eda, Moon Sung Wook y al segundo viceministro de Comercio, Industria y Energ\u00eda de Corea del Sur Park Ki-young firmaron un Memor\u00e1ndum De Entendimiento (MoU por sus siglas en ingl\u00e9s), para compartir experiencias y conocimiento entre ambas naciones y as\u00ed impulsar el despliegue de tecnolog\u00edas de producci\u00f3n, almacenamiento, transporte distribuci\u00f3n y utilizaci\u00f3n del hidr\u00f3geno verde.<\/p>\n\n\n\n<p style=\"font-size:17px\">El Ministro Juan Carlos Jobet enfatiz\u00f3 en la importancia de este acuerdo y se\u00f1al\u00f3 que \u201cvemos a Corea como un socio pol\u00edtico y comercial clave en Asia y contar con su apoyo es fundamental para identificar a nuestro pa\u00eds como un proveedor confiable, estable y a largo plazo en el hidr\u00f3geno verde. Corea es tambi\u00e9n uno de los mercados de hidr\u00f3geno m\u00e1s grandes a nivel mundial, por lo que es un l\u00edder en competitividad y cadenas de valor de hidr\u00f3geno\u201d.<\/p>\n\n\n\n<p style=\"font-size:17px\">En la actividad, que se llev\u00f3 a cabo en Se\u00fal, los representantes de ambos pa\u00edses adem\u00e1s acordaron compartir todo el proceso de producci\u00f3n, almacenamiento, transporte y uso del hidr\u00f3geno, junto a la tecnolog\u00eda y la experiencia en la econom\u00eda del hidr\u00f3geno.<\/p>\n\n\n\n<p style=\"font-size:17px\"><strong>GIRA POR ASIA<\/strong><\/p>\n\n\n\n<p style=\"font-size:17px\">Luego de la exitosa participaci\u00f3n de Chile en la COP26, el Ministro Juan Carlos Jobet continu\u00f3 de gira por Asia, para visitar Se\u00fal, Corea y a Tokio, Jap\u00f3n, con el objetivo principal es seguir posicionando a a Chile como l\u00edder en el desarrollo de Hidr\u00f3geno Verde. Ambos pa\u00edses juegan un rol clave en el desarrollo de la industrial del hidr\u00f3geno y el alcance de la carbono neutralidad, siendo parte de las econom\u00edas asi\u00e1ticas con mayor influencia y posicionamiento a nivel internacional.<\/p>\n\n\n\n<p style=\"font-size:17px\">En su paso por Corea, el quinto socio comercial de Chile, el Ministro Jobet se reuni\u00f3 con empresas, fondos y tambi\u00e9n particip\u00f3 en la Korea &#8211; Pacific Alliance.<\/p>\n\n\n\n<p style=\"font-size:17px\"><strong>COREA Y CHILE<\/strong><strong><\/strong><\/p>\n\n\n\n<p style=\"font-size:17px\">Corea del Sur y Chile comparten ambiciosas metas en materia energ\u00e9tica: ambos pa\u00edses se han comprometido a alcanzar la carbono neutralidad al 2050. Corea por su parte busca para ese a\u00f1o que el 20% de su demanda de energ\u00eda sea de hidr\u00f3geno.&nbsp; Chile, por su parte, en la presentaci\u00f3n del anteproyecto de la Pol\u00edtica Energ\u00e9tica Nacional (PEN) se propuso la meta de que al 2050, al menos un 70% de los combustibles sean cero emisiones (entre ellos el hidr\u00f3geno verde y sus derivados) en los usos energ\u00e9ticos finales no el\u00e9ctricos, y que al 2035 representen el 15%.<\/p>\n\n\n\n<p style=\"font-size:17px\">Corea del Sur pretende convertirse en l\u00edder del desarrollo del hidr\u00f3geno como fuente de energ\u00eda alternativa. En enero de 2019, Corea anunci\u00f3 su Hoja de Ruta para la Econom\u00eda del Hidr\u00f3geno. El documento se\u00f1ala el objetivo de producir 6.2 millones de veh\u00edculos el\u00e9ctricos de celda de combustible y desplegar al menos 1.200 estaciones de recarga para 2040. Adem\u00e1s, el plan apunta a desplegar al menos 2.000 autobuses a hidr\u00f3geno para 2022 y 41.000 para 2040. En t\u00e9rminos del sector energ\u00e9tico, la hoja de ruta describe el objetivo de suministrar 15 GW de pilas de combustible para la generaci\u00f3n de energ\u00eda para 2040.<\/p>\n\n\n\n<p style=\"font-size:17px\"><strong>OTROS ACUERDOS INTERNACIONALES<\/strong><strong><\/strong><\/p>\n\n\n\n<p style=\"font-size:17px\">Este convenio se suma a los acuerdos firmados con el ministerio de Energ\u00eda de Singapur, el Puerto de Rotterdam y el recientemente firmado con los Puertos de Amberes y Zeebrugge. Todos ellos para estudiar la viabilidad t\u00e9cnica y comercial de rutas de suministro desde Chile y Latinoam\u00e9rica hacia los mercados de Asia y Europa, respectivamente.<\/p>\n","protected":false},"excerpt":{"rendered":"<p>Ambos pa\u00edses compartir\u00e1n experiencias y conocimientos para impulsar despliegue de tecnolog\u00edas de producci\u00f3n, almacenamiento, transporte, distribuci\u00f3n y utilizaci\u00f3n del hidr\u00f3geno verde. Es el segundo MoU que Chile firma con Asia, luego de que en marzo de este a\u00f1o, nuestro pa\u00eds suscribiera un acuerdo con Singapur para estudiar la viabilidad t\u00e9cnica y comercial de rutas de suministro desde Chile y Latinoam\u00e9rica hacia los mercados de Asia.<\/p>\n","protected":false},"author":1,"featured_media":3060,"comment_status":"closed","ping_status":"closed","sticky":false,"template":"","format":"standard","meta":{"footnotes":""},"categories":[3,12],"tags":[],"class_list":["post-3059","post","type-post","status-publish","format-standard","has-post-thumbnail","hentry","category-al-dia","category-economia"],"_links":{"self":[{"href":"https:\/\/www.semanariolocal.cl\/index.php?rest_route=\/wp\/v2\/posts\/3059","targetHints":{"allow":["GET"]}}],"collection":[{"href":"https:\/\/www.semanariolocal.cl\/index.php?rest_route=\/wp\/v2\/posts"}],"about":[{"href":"https:\/\/www.semanariolocal.cl\/index.php?rest_route=\/wp\/v2\/types\/post"}],"author":[{"embeddable":true,"href":"https:\/\/www.semanariolocal.cl\/index.php?rest_route=\/wp\/v2\/users\/1"}],"replies":[{"embeddable":true,"href":"https:\/\/www.semanariolocal.cl\/index.php?rest_route=%2Fwp%2Fv2%2Fcomments&post=3059"}],"version-history":[{"count":1,"href":"https:\/\/www.semanariolocal.cl\/index.php?rest_route=\/wp\/v2\/posts\/3059\/revisions"}],"predecessor-version":[{"id":3061,"href":"https:\/\/www.semanariolocal.cl\/index.php?rest_route=\/wp\/v2\/posts\/3059\/revisions\/3061"}],"wp:featuredmedia":[{"embeddable":true,"href":"https:\/\/www.semanariolocal.cl\/index.php?rest_route=\/wp\/v2\/media\/3060"}],"wp:attachment":[{"href":"https:\/\/www.semanariolocal.cl\/index.php?rest_route=%2Fwp%2Fv2%2Fmedia&parent=3059"}],"wp:term":[{"taxonomy":"category","embeddable":true,"href":"https:\/\/www.semanariolocal.cl\/index.php?rest_route=%2Fwp%2Fv2%2Fcategories&post=3059"},{"taxonomy":"post_tag","embeddable":true,"href":"https:\/\/www.semanariolocal.cl\/index.php?rest_route=%2Fwp%2Fv2%2Ftags&post=3059"}],"curies":[{"name":"wp","href":"https:\/\/api.w.org\/{rel}","templated":true}]}}