{"id":3056,"date":"2021-11-16T22:23:32","date_gmt":"2021-11-17T01:23:32","guid":{"rendered":"https:\/\/www.semanariolocal.cl\/?p=3056"},"modified":"2021-11-16T22:23:32","modified_gmt":"2021-11-17T01:23:32","slug":"tribunal-ordena-paralizar-obras-de-conjunto-habitacionales-en-sector-las-quemas","status":"publish","type":"post","link":"https:\/\/www.semanariolocal.cl\/?p=3056","title":{"rendered":"Tribunal ordena paralizar obras de conjunto habitacionales en Sector las Quemas"},"content":{"rendered":"\n<p style=\"font-size:17px\">La Corte de Apelaciones de Valdivia acogi\u00f3 el recurso de protecci\u00f3n interpuesto por la Municipalidad de Osorno en contra de Inmobiliaria Martabid SpA, por trabajos de drenaje y rellenos realizados por la empresa en el sector Las Quemas, zona que se encuentra actualmente en proceso de evaluaci\u00f3n -por parte del Ministerio del Medio Ambiente- para ser reconocida como humedal urbano y en donde la inmobiliaria pretende construir un conjunto habitacional.<\/p>\n\n\n\n<p style=\"font-size:17px\">En fallo un\u00e1nime (causa rol 2.185-2021), la Primera Sala del tribunal de alzada \u2013integrada por las&nbsp; ministros Juan Ignacio Correa Rosado, Samuel Mu\u00f1oz Weisz y el abogado (i) Mauricio Fehrmann Miranda\u2013 acogi\u00f3 la acci\u00f3n cautelar, ordenando paralizar las obras a la espera del pronunciamiento del ministerio del ramo.<\/p>\n\n\n\n<p style=\"font-size:17px\">\u201cQue, el acto cuya ilegalidad y arbitrariedad se reprocha por esta v\u00eda consiste en que Inmobiliaria Martabid SpA se encuentra ejecutando obras de relleno y drenaje, sin contar con Estudio de Impacto Ambiental, en una parte de la zona que se ha solicitado reconocer como humedal urbano en el sector Las Quemas de Osorno\u201d, plantea el fallo.<\/p>\n\n\n\n<p style=\"font-size:17px\">Agregando: \u201cQue, son hechos pac\u00edficos, que mediante Resoluci\u00f3n Exenta N\u00ba 108, de 27 de julio de 2021, del Secretario Regional Ministerial del Medio Ambiente de la Regi\u00f3n de Los Lagos, se acogi\u00f3 a tr\u00e1mite la solicitud de la Municipalidad recurrente de declaraci\u00f3n de \u2018Humedal Urbano Las Quemas\u2019, sin que hasta la fecha se encuentre resuelta dicha petici\u00f3n\u201d.<\/p>\n\n\n\n<p style=\"font-size:17px\">\u201cA su turno -continua-, producto de las denuncias relacionadas con la Inmobiliaria recurrida, la Superintendencia del Medio Ambiente inici\u00f3 una investigaci\u00f3n por posible elusi\u00f3n al Sistema de Evaluaci\u00f3n de Impacto Ambiental, la que se encuentra actualmente en curso\u201d.<\/p>\n\n\n\n<p style=\"font-size:17px\">\u201cQue, expuesta as\u00ed la controversia, queda en evidencia que los hechos sometidos a conocimiento de esta Corte, se encuentran -por un lado- actualmente bajo investigaci\u00f3n de la Superintendencia del Medio Ambiente, al tenor de lo dispuesto en el art\u00edculo 3 de La Ley N\u00b0 20.417 (posible elusi\u00f3n al Sistema de Evaluaci\u00f3n de Impacto Ambiental); y por otro, a la decisi\u00f3n del Ministerio de Medio Ambiente, conforme lo previsto en la Ley N\u00b0 21.202 (declaraci\u00f3n de humedal urbano)\u201d se\u00f1ala la resoluci\u00f3n.<\/p>\n\n\n\n<p style=\"font-size:17px\">La sentencia consigna adem\u00e1s: \u201cQue, en las circunstancias antes indicadas, se concluye que el conocimiento de estos antecedentes corresponde a los \u00f3rganos descritos precedentemente, quienes mediante un procedimiento legalmente reglado deber\u00e1n evaluar y decidir lo denunciado por el recurrente, no siendo el presente recurso la v\u00eda id\u00f3nea al efecto\u201d.<\/p>\n\n\n\n<p style=\"font-size:17px\">Por tanto, resuelve que: \u201cse acoge sin costas, el recurso de protecci\u00f3n interpuesto por la Ilustre Municipalidad de Osorno en contra de Inmobiliaria Martabid SpA., solo en cuanto, se ordena la paralizaci\u00f3n de las obras de construcci\u00f3n del conjunto habitacional denominado \u201cAires de Venecia\u201d, en el inmueble denominado Lote 1-A-8-3b, de una superficie aproximada de 13.043,63 metros cuadrados, ubicado en el sector Las Quemas, comuna de Osorno, hasta que el Ministerio del Medio Ambiente emita pronunciamiento sobre la solicitud de reconocimiento del humedal Las Quemas, presentado por la I. Municipalidad de Osorno. Lo anterior, no obsta a lo que resuelva la Superintendencia del Medio Ambiente sobre lo mismo, en el ejercicio de sus atribuciones legales\u201d.<\/p>\n","protected":false},"excerpt":{"rendered":"<p>La Corte de Apelaciones de Valdivia acogi\u00f3 el recurso de protecci\u00f3n interpuesto por la Municipalidad de Osorno en contra de Inmobiliaria Martabid SpA, por trabajos de drenaje y rellenos realizados por la empresa en el sector Las Quemas, zona que se encuentra actualmente en proceso de evaluaci\u00f3n -por parte del Ministerio del Medio Ambiente- para&#8230;<a class=\"btnReadMore\" href=\"https:\/\/www.semanariolocal.cl\/?p=3056\"> Leer M\u00e1s<\/a><\/p>\n","protected":false},"author":1,"featured_media":3057,"comment_status":"closed","ping_status":"closed","sticky":false,"template":"","format":"standard","meta":{"footnotes":""},"categories":[3],"tags":[],"class_list":["post-3056","post","type-post","status-publish","format-standard","has-post-thumbnail","hentry","category-al-dia"],"_links":{"self":[{"href":"https:\/\/www.semanariolocal.cl\/index.php?rest_route=\/wp\/v2\/posts\/3056","targetHints":{"allow":["GET"]}}],"collection":[{"href":"https:\/\/www.semanariolocal.cl\/index.php?rest_route=\/wp\/v2\/posts"}],"about":[{"href":"https:\/\/www.semanariolocal.cl\/index.php?rest_route=\/wp\/v2\/types\/post"}],"author":[{"embeddable":true,"href":"https:\/\/www.semanariolocal.cl\/index.php?rest_route=\/wp\/v2\/users\/1"}],"replies":[{"embeddable":true,"href":"https:\/\/www.semanariolocal.cl\/index.php?rest_route=%2Fwp%2Fv2%2Fcomments&post=3056"}],"version-history":[{"count":1,"href":"https:\/\/www.semanariolocal.cl\/index.php?rest_route=\/wp\/v2\/posts\/3056\/revisions"}],"predecessor-version":[{"id":3058,"href":"https:\/\/www.semanariolocal.cl\/index.php?rest_route=\/wp\/v2\/posts\/3056\/revisions\/3058"}],"wp:featuredmedia":[{"embeddable":true,"href":"https:\/\/www.semanariolocal.cl\/index.php?rest_route=\/wp\/v2\/media\/3057"}],"wp:attachment":[{"href":"https:\/\/www.semanariolocal.cl\/index.php?rest_route=%2Fwp%2Fv2%2Fmedia&parent=3056"}],"wp:term":[{"taxonomy":"category","embeddable":true,"href":"https:\/\/www.semanariolocal.cl\/index.php?rest_route=%2Fwp%2Fv2%2Fcategories&post=3056"},{"taxonomy":"post_tag","embeddable":true,"href":"https:\/\/www.semanariolocal.cl\/index.php?rest_route=%2Fwp%2Fv2%2Ftags&post=3056"}],"curies":[{"name":"wp","href":"https:\/\/api.w.org\/{rel}","templated":true}]}}