{"id":30559,"date":"2025-08-15T08:10:00","date_gmt":"2025-08-15T12:10:00","guid":{"rendered":"https:\/\/www.semanariolocal.cl\/?p=30559"},"modified":"2025-08-15T16:27:15","modified_gmt":"2025-08-15T20:27:15","slug":"explotacion-sexual-comercial-infantil-que-hacer-con-esta-dura-realidad","status":"publish","type":"post","link":"https:\/\/www.semanariolocal.cl\/?p=30559","title":{"rendered":"Explotaci\u00f3n sexual comercial infantil, \u00bfqu\u00e9 hacer con esta dura realidad?"},"content":{"rendered":"\n<p><strong><mark style=\"background-color:#abb8c3\" class=\"has-inline-color has-white-color\">15 de Agosto del 2025.- <\/mark><\/strong>Afecta a millones de ni\u00f1os, ni\u00f1as y adolescentes (NNA) en el mundo. Seg\u00fan UNICEF y la OIT, m\u00e1s de 2 millones de NNA son explotados sexualmente cada a\u00f1o en la industria del turismo y en redes de trata de personas.<\/p>\n\n\n\n<p>En este contexto, Chile se considera un pa\u00eds de origen, tr\u00e1nsito y destino para la trata con fines de explotaci\u00f3n sexual, especialmente de NNA extranjeros. Aunque las cifras son menores que en otras naciones de la regi\u00f3n, como Brasil y M\u00e9xico, Chile se destaca por ser uno de los pa\u00edses con mayor consumo de material de abuso sexual infantil en Latinoam\u00e9rica.<\/p>\n\n\n\n<p>Este delito atenta contra los principios establecidos en la Convenci\u00f3n sobre los Derechos del Ni\u00f1o, que garantiza a todos los NNA protecci\u00f3n frente a la violencia, el abuso y la explotaci\u00f3n. A pesar de los esfuerzos de diversas organizaciones y la implementaci\u00f3n de pol\u00edticas p\u00fablicas, la explotaci\u00f3n sexual comercial infantil persiste; muchas de sus causas a\u00fan no han sido abordadas de manera eficaz.<\/p>\n\n\n\n<p>Entre las principales causas destacan la discriminaci\u00f3n, la desigualdad y la injusticia, ya que muchos de estos delitos ocurren en contextos de pobreza, migraci\u00f3n o conflicto armado. La explotaci\u00f3n sexual comercial infantil es, adem\u00e1s, una industria criminal que genera m\u00e1s de $99 mil millones anuales, lo que incentiva a los abusadores a continuar con sus cr\u00edmenes, fortaleciendo redes de influencia y mercantilizaci\u00f3n que deshumanizan a la sociedad.<\/p>\n\n\n\n<p>Otro factor de riesgo, que ha aumentado desde la pandemia de COVID-19, es el grooming y el ciberacoso, exacerbados por el uso de plataformas digitales como Facebook, Instagram, WhatsApp y TikTok. Estas redes son utilizadas para reclutar menores, difundir material de abuso sexual infantil y coordinar acciones delictivas.<\/p>\n\n\n\n<p>Para construir contextos m\u00e1s justos y seguros para los NNA, es fundamental priorizar acciones globales que promuevan el respeto por los derechos humanos y mejoren estructuralmente las condiciones de vida. Un sistema pol\u00edtico-econ\u00f3mico que valore el bienestar de las personas sobre la rentabilidad es esencial. Sociedades enfocadas en la felicidad colectiva protegen los derechos de sus ciudadanos, garantizando pol\u00edticas sociales, econ\u00f3micas y culturales que permitan el desarrollo integral de los NNA y fortalezcan su potencial.<\/p>\n\n\n\n<p>El poeta V\u00edctor Domingo Silva dec\u00eda:&nbsp;<em>\u201cJuega, ni\u00f1o, en la orilla del mundo, \/ que la vida es amarga y profunda.\u201d&nbsp;<\/em>Estas palabras reflejan la dura realidad que enfrentan millones de NNA, pero tambi\u00e9n nos convocan a la acci\u00f3n. Las cifras de desigualdad y violencia son inaceptables, pero no irreversibles. Cada esfuerzo, sustentado en la justicia ocupacional, para erradicar el trabajo infantil, cada escuela que abre sus puertas, y cada comunidad que protege a sus ni\u00f1os demuestra que otro mundo es posible.<\/p>\n\n\n\n<p>Hoy, m\u00e1s que nunca, contamos con los recursos y el conocimiento para garantizar que ning\u00fan ni\u00f1o juegue en la orilla del abandono, sino en el centro de una sociedad que los cuida, escucha y les devuelve el futuro robado. Urge que actuemos juntos para reescribir el futuro de nuestros NNA y crear un mundo donde prevalezcan la justicia y la igualdad.<\/p>\n\n\n\n<p><strong>Ra\u00fal Guti\u00e9rrez Pineda<\/strong> &#8211; <strong>Terapeuta  Ocupacional  <\/strong><\/p>\n","protected":false},"excerpt":{"rendered":"<p>La explotaci\u00f3n sexual comercial infantil es un delito grave y una de las formas m\u00e1s crueles de violencia, que deja secuelas f\u00edsicas, psicol\u00f3gicas y emocionales irreparables.<\/p>\n","protected":false},"author":1,"featured_media":30560,"comment_status":"closed","ping_status":"closed","sticky":false,"template":"","format":"standard","meta":{"footnotes":""},"categories":[3843,11,4161,7,4395],"tags":[2118,337,273,4592,247,133],"class_list":["post-30559","post","type-post","status-publish","format-standard","has-post-thumbnail","hentry","category-derechos-sociales","category-educacion","category-familia","category-opinion","category-sociedad","tag-semanariolocal","tag-informacion","tag-noticias","tag-raul-gutierrez-pineda","tag-region-de-los-lagos","tag-semanario-local"],"_links":{"self":[{"href":"https:\/\/www.semanariolocal.cl\/index.php?rest_route=\/wp\/v2\/posts\/30559","targetHints":{"allow":["GET"]}}],"collection":[{"href":"https:\/\/www.semanariolocal.cl\/index.php?rest_route=\/wp\/v2\/posts"}],"about":[{"href":"https:\/\/www.semanariolocal.cl\/index.php?rest_route=\/wp\/v2\/types\/post"}],"author":[{"embeddable":true,"href":"https:\/\/www.semanariolocal.cl\/index.php?rest_route=\/wp\/v2\/users\/1"}],"replies":[{"embeddable":true,"href":"https:\/\/www.semanariolocal.cl\/index.php?rest_route=%2Fwp%2Fv2%2Fcomments&post=30559"}],"version-history":[{"count":1,"href":"https:\/\/www.semanariolocal.cl\/index.php?rest_route=\/wp\/v2\/posts\/30559\/revisions"}],"predecessor-version":[{"id":30561,"href":"https:\/\/www.semanariolocal.cl\/index.php?rest_route=\/wp\/v2\/posts\/30559\/revisions\/30561"}],"wp:featuredmedia":[{"embeddable":true,"href":"https:\/\/www.semanariolocal.cl\/index.php?rest_route=\/wp\/v2\/media\/30560"}],"wp:attachment":[{"href":"https:\/\/www.semanariolocal.cl\/index.php?rest_route=%2Fwp%2Fv2%2Fmedia&parent=30559"}],"wp:term":[{"taxonomy":"category","embeddable":true,"href":"https:\/\/www.semanariolocal.cl\/index.php?rest_route=%2Fwp%2Fv2%2Fcategories&post=30559"},{"taxonomy":"post_tag","embeddable":true,"href":"https:\/\/www.semanariolocal.cl\/index.php?rest_route=%2Fwp%2Fv2%2Ftags&post=30559"}],"curies":[{"name":"wp","href":"https:\/\/api.w.org\/{rel}","templated":true}]}}