{"id":30546,"date":"2025-08-15T10:50:00","date_gmt":"2025-08-15T14:50:00","guid":{"rendered":"https:\/\/www.semanariolocal.cl\/?p=30546"},"modified":"2025-08-15T12:38:01","modified_gmt":"2025-08-15T16:38:01","slug":"presidente-boric-designa-a-paula-benavides-como-la-nueva-presidenta-del-consejo-fiscal-autonomo","status":"publish","type":"post","link":"https:\/\/www.semanariolocal.cl\/?p=30546","title":{"rendered":"Presidente Boric designa a Paula Benavides como la nueva presidenta del Consejo Fiscal Aut\u00f3nomo"},"content":{"rendered":"\n<p><strong><mark style=\"background-color:#abb8c3\" class=\"has-inline-color has-white-color\">15 de agosto de 2025.-<\/mark> <\/strong>A trav\u00e9s del decreto N\u00b0 819, del 4 de agosto del presente a\u00f1o, del Ministerio de Hacienda, el Presidente de la Rep\u00fablica, Gabriel Boric Font, design\u00f3 a la economista Paula Benavides como nueva presidenta del Consejo Fiscal Aut\u00f3nomo (CFA), cargo que comenzar\u00e1 a ejercer, en los hechos, desde el 13 de agosto. Benavides se incorpor\u00f3 el 10 de julio al Consejo, tras ser ratificada por el Senado.<\/p>\n\n\n\n<p>Benavides es economista de la Pontificia Universidad Cat\u00f3lica de Chile (PUC) y mag\u00edster en Econom\u00eda Aplicada, menci\u00f3n Econom\u00eda Financiera de la misma casa de estudios. Entre 2019 y 2023 se desempe\u00f1\u00f3 como consejera del CFA, y actualmente es profesora de la Escuela de Gobierno de la PUC.<\/p>\n\n\n\n<p>Inici\u00f3 su carrera como economista del Departamento de Estudios de la Direcci\u00f3n de Presupuestos (Dipres) y, posteriormente ejerci\u00f3 diversos cargos tanto en el Ministerio de Hacienda como en la Dipres, entre 1999 y 2018. Ha participado en m\u00faltiples instancias asesoras gubernamentales relacionadas a materias previsionales, ha sido consultora de organismos internacionales y ha publicado diversos art\u00edculos sobre protecci\u00f3n social, pensiones y pol\u00edtica fiscal, entre otros temas.<\/p>\n\n\n\n<p>El nombramiento de Benavides tendr\u00e1 una duraci\u00f3n de tres a\u00f1os, en reemplazo del economista Jorge Rodr\u00edguez Cabello, quien finaliz\u00f3 su per\u00edodo como presidente del CFA el pasado 25 de mayo, cargo que hab\u00eda asumido en junio del 2022.<\/p>\n\n\n\n<p>Adem\u00e1s se ingres\u00f3 otro decreto el 13 de agosto para concretar el nombramiento del economista Joaqu\u00edn Vial Ruiz-Tagle como consejero del Consejo Fiscal Aut\u00f3nomo, cargo que desempe\u00f1ar\u00e1 hasta el 25 de julio de 2027, periodo que restaba a la consejera, Jeannette Von Wolfersdorff, quien present\u00f3 su renuncia por motivos personales, el 16 de junio de 2025.<\/p>\n\n\n\n<p><strong>Sobre el CFA<\/strong><strong><\/strong><\/p>\n\n\n\n<p>El Consejo Fiscal Aut\u00f3nomo (CFA) es un organismo t\u00e9cnico, consultivo y aut\u00f3nomo, con personalidad jur\u00eddica y patrimonio propio. Fue creado mediante la Ley N\u00b021.148 publicada el 16 de febrero de 2019, en reemplazo del Consejo Fiscal Asesor, establecido por el Decreto N\u00b0545 del 30 de abril de 2013 del Ministerio de Hacienda.<\/p>\n\n\n\n<p>El Consejo se relaciona con el Presidente de la Rep\u00fablica a trav\u00e9s del Ministerio de Hacienda. Est\u00e1 compuesto por cinco miembros, designados previo acuerdo del Senado, adoptado por dos tercios de sus miembros en ejercicio, en sesi\u00f3n especialmente convocada para tal efecto.<\/p>\n\n\n\n<p>Sus integrantes son expertos de reconocido prestigio profesional y acad\u00e9mico en materias fiscales y presupuestarias. Los consejeros duran cinco a\u00f1os en sus cargos y pueden ser reelegidos por un \u00fanico per\u00edodo consecutivo. Son renovados de manera parcial, uno por a\u00f1o.<\/p>\n\n\n\n<p>De acuerdo con la Ley, corresponde al Presidente de la Rep\u00fablica nombrar al presidente del Consejo entre uno de sus miembros. La duraci\u00f3n del mandato es de tres a\u00f1os o el tiempo que reste para alcanzar ese l\u00edmite, en caso de designar a un consejero en ejercicio. El vicepresidente, en tanto, es elegido por los propios miembros del Consejo y subroga al presidente en caso de ausencia o imposibilidad temporal de ejercer sus funciones.<\/p>\n","protected":false},"excerpt":{"rendered":"<p>Benavides fue ratificada en mayo por el Senado y ejercer\u00e1 la presidencia del Consejo durante tres a\u00f1os.<\/p>\n","protected":false},"author":1,"featured_media":30547,"comment_status":"closed","ping_status":"closed","sticky":false,"template":"","format":"standard","meta":{"footnotes":""},"categories":[3,3608,9,4338,3816,6,3528],"tags":[2118,337,273,247,133],"class_list":["post-30546","post","type-post","status-publish","format-standard","has-post-thumbnail","hentry","category-al-dia","category-estado","category-gobierno","category-organismos-publicos","category-partidos-politicos","category-politica","category-servicios-publicos","tag-semanariolocal","tag-informacion","tag-noticias","tag-region-de-los-lagos","tag-semanario-local"],"_links":{"self":[{"href":"https:\/\/www.semanariolocal.cl\/index.php?rest_route=\/wp\/v2\/posts\/30546","targetHints":{"allow":["GET"]}}],"collection":[{"href":"https:\/\/www.semanariolocal.cl\/index.php?rest_route=\/wp\/v2\/posts"}],"about":[{"href":"https:\/\/www.semanariolocal.cl\/index.php?rest_route=\/wp\/v2\/types\/post"}],"author":[{"embeddable":true,"href":"https:\/\/www.semanariolocal.cl\/index.php?rest_route=\/wp\/v2\/users\/1"}],"replies":[{"embeddable":true,"href":"https:\/\/www.semanariolocal.cl\/index.php?rest_route=%2Fwp%2Fv2%2Fcomments&post=30546"}],"version-history":[{"count":1,"href":"https:\/\/www.semanariolocal.cl\/index.php?rest_route=\/wp\/v2\/posts\/30546\/revisions"}],"predecessor-version":[{"id":30548,"href":"https:\/\/www.semanariolocal.cl\/index.php?rest_route=\/wp\/v2\/posts\/30546\/revisions\/30548"}],"wp:featuredmedia":[{"embeddable":true,"href":"https:\/\/www.semanariolocal.cl\/index.php?rest_route=\/wp\/v2\/media\/30547"}],"wp:attachment":[{"href":"https:\/\/www.semanariolocal.cl\/index.php?rest_route=%2Fwp%2Fv2%2Fmedia&parent=30546"}],"wp:term":[{"taxonomy":"category","embeddable":true,"href":"https:\/\/www.semanariolocal.cl\/index.php?rest_route=%2Fwp%2Fv2%2Fcategories&post=30546"},{"taxonomy":"post_tag","embeddable":true,"href":"https:\/\/www.semanariolocal.cl\/index.php?rest_route=%2Fwp%2Fv2%2Ftags&post=30546"}],"curies":[{"name":"wp","href":"https:\/\/api.w.org\/{rel}","templated":true}]}}