{"id":30536,"date":"2025-08-10T00:40:00","date_gmt":"2025-08-10T04:40:00","guid":{"rendered":"https:\/\/www.semanariolocal.cl\/?p=30536"},"modified":"2025-08-14T12:51:15","modified_gmt":"2025-08-14T16:51:15","slug":"cuando-el-amor-decide-quedarse-el-sentido-de-continuar-un-embarazo-inviable","status":"publish","type":"post","link":"https:\/\/www.semanariolocal.cl\/?p=30536","title":{"rendered":"Cuando el amor decide quedarse: el sentido de continuar un embarazo inviable"},"content":{"rendered":"\n<p><strong><mark style=\"background-color:#abb8c3\" class=\"has-inline-color has-white-color\">10 de Agosto del 2025.- <\/mark><\/strong>Esta \u00faltima causal ampara la decisi\u00f3n de quienes, tras un diagn\u00f3stico m\u00e9dico certero, enfrentan la certeza de que el feto no podr\u00e1 sobrevivir fuera del \u00fatero.<\/p>\n\n\n\n<p>La existencia de esta ley fue un avance necesario. Protege la autonom\u00eda y permite que cada mujer \u2014cada familia\u2014 pueda decidir qu\u00e9 camino tomar ante una noticia devastadora. Pero lo que muchas veces no se dice, o se dice muy poco, es que hay mujeres que, incluso con este diagn\u00f3stico, optan por llevar el embarazo hasta el final. Y que esa decisi\u00f3n, sostenida entre la esperanza y el dolor, tambi\u00e9n merece ser reconocida, acompa\u00f1ada y respetada.<\/p>\n\n\n\n<p>La decisi\u00f3n de continuar un embarazo inviable no es negaci\u00f3n ni idealizaci\u00f3n. Es una forma de amar profundamente, aunque el tiempo sea breve. Es preparar un nido con conciencia de que no habr\u00e1 llanto despu\u00e9s del parto. Es nombrar, sentir, esperar, despedirse. En algunos casos, como en la trisom\u00eda 18, ese tiempo puede ser de minutos, de horas, tal vez de algunos d\u00edas. Pero para quien espera, cada instante cuenta. Y eso basta para darle sentido.<\/p>\n\n\n\n<p>Sin embargo, este proceso \u2014ya de por s\u00ed dif\u00edcil\u2014 suele verse obstaculizado por el desconocimiento, la rigidez institucional y la falta de humanidad en muchos espacios de atenci\u00f3n. Aunque la ley est\u00e1 vigente, algunos prestadores privados siguen sin reconocerla de manera efectiva. Se generan facturas millonarias, se niegan coberturas, se exige justificar lo que ya est\u00e1 garantizado. Muchas familias reciben atenci\u00f3n m\u00e9dica bajo la causal, pero al momento del parto o la hospitalizaci\u00f3n, se enfrentan a respuestas como: \u201cesa ley no cubre eso\u201d, o \u201ceso no est\u00e1 contemplado en el plan de salud\u201d. Como si el derecho a decidir desapareciera justo cuando m\u00e1s se necesita apoyo.<\/p>\n\n\n\n<p>Adem\u00e1s, hay una desconexi\u00f3n profunda entre lo que la ley promueve y lo que el sistema de salud entrega. No hay acceso claro a apoyo psicol\u00f3gico especializado, se desconoce la posibilidad de extender licencias m\u00e9dicas, y los beneficios GES no siempre se aplican. La falta de formaci\u00f3n en duelo perinatal hace que muchas veces las madres salgan del hospital sin una despedida digna, sin recuerdos, sin acompa\u00f1amiento. Como si nada hubiera pasado.<\/p>\n\n\n\n<p>En ese vac\u00edo, han surgido organizaciones que han hecho lo que el sistema no: acompa\u00f1ar con respeto y amor. Fundaciones como Amparos, Renacer o Honra, entre otras, han creado espacios donde la experiencia de la p\u00e9rdida es reconocida en toda su profundidad. No se patologiza el dolor, no se apura el olvido. Se permite recordar, nombrar, hablar de ese hijo o hija que existi\u00f3.<\/p>\n\n\n\n<p>Es tiempo de avanzar hacia una mirada m\u00e1s amplia. Que entienda que elegir llevar un embarazo inviable a t\u00e9rmino no es una decisi\u00f3n equivocada, sino leg\u00edtima. Que honrar esa historia es parte del proceso de duelo. Que no se trata de forzar un camino, sino de garantizar que todos los caminos posibles sean cuidados con la misma dignidad. Porque cuando el amor decide quedarse, aunque sepa que ser\u00e1 por poco tiempo, no necesita justificarse. Solo ser sostenido.<\/p>\n\n\n\n<p><strong>Mar\u00eda Jos\u00e9 Mill\u00e1n Monares &#8211; Acad\u00e9mica Psicolog\u00eda &#8211; Universidad Andr\u00e9s Bello<\/strong><\/p>\n","protected":false},"excerpt":{"rendered":"<p>En Chile, desde el a\u00f1o 2017, la Ley N\u00b0 21.030 reconoce el derecho a interrumpir un embarazo en tres causales espec\u00edficas: riesgo vital para la madre, embarazo producto de una violaci\u00f3n, e inviabilidad fetal de car\u00e1cter letal. <\/p>\n","protected":false},"author":1,"featured_media":30537,"comment_status":"closed","ping_status":"closed","sticky":false,"template":"","format":"standard","meta":{"footnotes":""},"categories":[3,11,4161,3265,2484,4556,4395],"tags":[2118,337,4591,273,247,133],"class_list":["post-30536","post","type-post","status-publish","format-standard","has-post-thumbnail","hentry","category-al-dia","category-educacion","category-familia","category-psicologia","category-salud","category-salud-mental","category-sociedad","tag-semanariolocal","tag-informacion","tag-maria-jose-millan-monares","tag-noticias","tag-region-de-los-lagos","tag-semanario-local"],"_links":{"self":[{"href":"https:\/\/www.semanariolocal.cl\/index.php?rest_route=\/wp\/v2\/posts\/30536","targetHints":{"allow":["GET"]}}],"collection":[{"href":"https:\/\/www.semanariolocal.cl\/index.php?rest_route=\/wp\/v2\/posts"}],"about":[{"href":"https:\/\/www.semanariolocal.cl\/index.php?rest_route=\/wp\/v2\/types\/post"}],"author":[{"embeddable":true,"href":"https:\/\/www.semanariolocal.cl\/index.php?rest_route=\/wp\/v2\/users\/1"}],"replies":[{"embeddable":true,"href":"https:\/\/www.semanariolocal.cl\/index.php?rest_route=%2Fwp%2Fv2%2Fcomments&post=30536"}],"version-history":[{"count":1,"href":"https:\/\/www.semanariolocal.cl\/index.php?rest_route=\/wp\/v2\/posts\/30536\/revisions"}],"predecessor-version":[{"id":30538,"href":"https:\/\/www.semanariolocal.cl\/index.php?rest_route=\/wp\/v2\/posts\/30536\/revisions\/30538"}],"wp:featuredmedia":[{"embeddable":true,"href":"https:\/\/www.semanariolocal.cl\/index.php?rest_route=\/wp\/v2\/media\/30537"}],"wp:attachment":[{"href":"https:\/\/www.semanariolocal.cl\/index.php?rest_route=%2Fwp%2Fv2%2Fmedia&parent=30536"}],"wp:term":[{"taxonomy":"category","embeddable":true,"href":"https:\/\/www.semanariolocal.cl\/index.php?rest_route=%2Fwp%2Fv2%2Fcategories&post=30536"},{"taxonomy":"post_tag","embeddable":true,"href":"https:\/\/www.semanariolocal.cl\/index.php?rest_route=%2Fwp%2Fv2%2Ftags&post=30536"}],"curies":[{"name":"wp","href":"https:\/\/api.w.org\/{rel}","templated":true}]}}