{"id":30513,"date":"2025-08-14T10:48:00","date_gmt":"2025-08-14T14:48:00","guid":{"rendered":"https:\/\/www.semanariolocal.cl\/?p=30513"},"modified":"2025-08-14T10:48:02","modified_gmt":"2025-08-14T14:48:02","slug":"economia-chilena-pierde-impulso-en-julio-alerta-por-empleo-femenino-y-tensiones-con-ee-uu","status":"publish","type":"post","link":"https:\/\/www.semanariolocal.cl\/?p=30513","title":{"rendered":"Econom\u00eda chilena pierde impulso en julio: alerta por empleo femenino y tensiones con EE.UU."},"content":{"rendered":"\n<p><strong><mark style=\"background-color:#abb8c3\" class=\"has-inline-color has-white-color\">14 de Agosto del 2025.- <\/mark><\/strong> El Bar\u00f3metro de la Econom\u00eda Chilena de julio, elaborado por el Instituto UNAB de Pol\u00edticas P\u00fablicas (IPP UNAB), refleja que la actividad nacional comienza a perder dinamismo tras dos meses de avances. El <strong>\u00cdndice Econ\u00f3mico IPP UNAB<\/strong> cay\u00f3 de 19,1 a 17,1 puntos, pasando de \u201cBien y mejorando\u201d a \u201cBien, pero empeorando\u201d. Aunque el indicador sigue en terreno positivo, el informe advierte se\u00f1ales de fragilidad, especialmente en las expectativas y el mercado laboral.<\/p>\n\n\n\n<h3 class=\"wp-block-heading\"><strong>Expectativas en retroceso<\/strong><\/h3>\n\n\n\n<p>Uno de los principales factores que explican la baja es el <strong>sub\u00edndice de Expectativas<\/strong>, que cay\u00f3 de 33,3 a 29,3 puntos y cambi\u00f3 de cuadrante, reflejando un freno en el optimismo. El retroceso se explica por el alza en la <strong>incertidumbre econ\u00f3mica<\/strong> \u2014influida por tensiones internacionales y el contexto electoral\u2014 y por el deterioro de la <strong>confianza empresarial<\/strong>, que sigue bajo el umbral neutral.<\/p>\n\n\n\n<p>Seg\u00fan el informe, el sector minero lider\u00f3 la ca\u00edda en el \u00e1nimo empresarial, con una baja de 12,6 puntos, afectado por la volatilidad de los precios y la incertidumbre derivada del anuncio del presidente estadounidense Donald Trump de imponer un <strong>arancel del 50% al cobre<\/strong>. Aunque posteriormente se aclar\u00f3 que el cobre refinado quedar\u00eda excluido, el solo anuncio gener\u00f3 presi\u00f3n sobre el tipo de cambio, llevando el d\u00f3lar a su nivel m\u00e1s alto desde abril.<\/p>\n\n\n\n<p>En contraste, la <strong>confianza de los consumidores<\/strong> registr\u00f3 una leve mejora, pasando de \u201cMal y sin cambios\u201d a \u201cBien y mejorando\u201d, impulsada por una visi\u00f3n algo m\u00e1s positiva sobre la situaci\u00f3n econ\u00f3mica futura y el momento para realizar compras importantes. Sin embargo, este repunte es incipiente y no consolida una tendencia.<\/p>\n\n\n\n<h3 class=\"wp-block-heading\"><strong>Situaci\u00f3n macroecon\u00f3mica mixta<\/strong><\/h3>\n\n\n\n<p>El <strong>sub\u00edndice de Situaci\u00f3n Macroecon\u00f3mica<\/strong> mostr\u00f3 una evoluci\u00f3n favorable, pasando de \u201cBien y empeorando\u201d a \u201cBien y mejorando\u201d. El cambio se debe principalmente a un <strong>IMACEC<\/strong> con crecimiento interanual de 3,3% \u2014el segundo mejor registro del a\u00f1o\u2014 y a un aumento del 6,6% en las exportaciones reales, muy por encima del 2,23% observado el mes previo.<\/p>\n\n\n\n<p>La miner\u00eda volvi\u00f3 a ser el motor del crecimiento, acumulando tres meses de alzas de dos d\u00edgitos. No obstante, el informe advierte que el futuro de las exportaciones depender\u00e1 de la evoluci\u00f3n de las negociaciones comerciales con EE.UU. y de la capacidad del pa\u00eds para diversificar su matriz exportadora y reducir su dependencia del cobre.<\/p>\n\n\n\n<p>En el lado negativo, el tipo de cambio pas\u00f3 a \u201cMal y empeorando\u201d tras subir de $936,4 a $955,7, reflejando la presi\u00f3n externa y el debilitamiento del peso chileno.<\/p>\n\n\n\n<h3 class=\"wp-block-heading\"><strong>Consumo estable, pero con alertas<\/strong><\/h3>\n\n\n\n<p>El <strong>sub\u00edndice de Situaci\u00f3n de los Consumidores<\/strong> descendi\u00f3 levemente de 8,8 a 7,7 puntos, cambiando a \u201cBien, pero empeorando\u201d. Este retroceso est\u00e1 marcado por el alza en la <strong>tasa promedio de cr\u00e9dito de consumo<\/strong> \u2014de 17,6% a 18,4%\u2014 y por la persistencia de problemas en el mercado laboral.<\/p>\n\n\n\n<p>Aqu\u00ed se concentra una de las principales alertas del informe: la <strong>desocupaci\u00f3n femenina volvi\u00f3 a los dos d\u00edgitos (10,1%)<\/strong>, alcanzando su peor nivel en el actual gobierno. A la par, la <strong>creaci\u00f3n de empleo<\/strong> sigui\u00f3 cayendo, ubic\u00e1ndose ambas variables en el cuadrante \u201cMal y empeorando\u201d.<\/p>\n\n\n\n<p>El IPP UNAB advierte que, si bien no se trata a\u00fan de una crisis laboral, la trayectoria actual podr\u00eda derivar en un escenario m\u00e1s complejo si no se adoptan medidas correctivas, sobre todo en un a\u00f1o electoral donde se definen las bases de la pol\u00edtica econ\u00f3mica.<\/p>\n\n\n\n<h3 class=\"wp-block-heading\"><strong>Estabilidad aparente, riesgos latentes<\/strong><\/h3>\n\n\n\n<p>La fotograf\u00eda general muestra que un 50% de las variables medidas no tuvo cambios significativos respecto al mes anterior, lo que sugiere un mayor grado de estabilidad, pero tambi\u00e9n menos impulso. El porcentaje de variables en \u201cBien y mejorando\u201d baj\u00f3 a 25%, mientras que \u201cMal y empeorando\u201d se mantuvo en 16,7%.<\/p>\n\n\n\n<p>Para el IPP UNAB, el desaf\u00edo es doble: mantener los focos de dinamismo, como la miner\u00eda y las exportaciones, y actuar sobre los puntos d\u00e9biles, especialmente el empleo y la vulnerabilidad externa. La instituci\u00f3n recalca que el anuncio arancelario de EE.UU. es un recordatorio de la exposici\u00f3n de Chile a shocks internacionales y de la urgencia de diversificar exportaciones.<\/p>\n\n\n\n<h3 class=\"wp-block-heading\"><strong>Un llamado a la acci\u00f3n<\/strong><\/h3>\n\n\n\n<p>\u201cEste retroceso no es estad\u00edsticamente significativo, pero s\u00ed es una advertencia\u201d, se\u00f1ala el informe. \u201cLa econom\u00eda chilena se mantiene en terreno positivo, pero con s\u00edntomas de debilitamiento que requieren atenci\u00f3n para evitar un deterioro mayor\u201d.<\/p>\n\n\n\n<p>En s\u00edntesis, el Bar\u00f3metro de julio muestra una econom\u00eda en una fase de pausa, donde las se\u00f1ales positivas conviven con alertas claras. El empleo femenino, la incertidumbre internacional y la dependencia del cobre son elementos que podr\u00edan marcar el rumbo del segundo semestre. En un contexto electoral, los datos del IPP UNAB invitan a incluir en la discusi\u00f3n no solo c\u00f3mo crecer, sino c\u00f3mo proteger y diversificar las fuentes de ese crecimiento para que sea m\u00e1s resistente a las turbulencias externas.<\/p>\n","protected":false},"excerpt":{"rendered":"<p>La desocupaci\u00f3n femenina vuelve a dos d\u00edgitos (10,1%), el peor nivel en lo que va de gobierno. El anuncio de Trump de un arancel del 50% al cobre dispar\u00f3 la incertidumbre y empuj\u00f3 el d\u00f3lar a m\u00e1ximos desde abril.<\/p>\n","protected":false},"author":1,"featured_media":30514,"comment_status":"closed","ping_status":"closed","sticky":false,"template":"","format":"standard","meta":{"footnotes":""},"categories":[3302,2889,12,4588,4468],"tags":[2118,2677,3635,366,337,247,133],"class_list":["post-30513","post","type-post","status-publish","format-standard","has-post-thumbnail","hentry","category-academia","category-analisis","category-economia","category-indicadores-economicos","category-tendencias","tag-semanariolocal","tag-analisis","tag-analisis-economico","tag-economia","tag-informacion","tag-region-de-los-lagos","tag-semanario-local"],"_links":{"self":[{"href":"https:\/\/www.semanariolocal.cl\/index.php?rest_route=\/wp\/v2\/posts\/30513","targetHints":{"allow":["GET"]}}],"collection":[{"href":"https:\/\/www.semanariolocal.cl\/index.php?rest_route=\/wp\/v2\/posts"}],"about":[{"href":"https:\/\/www.semanariolocal.cl\/index.php?rest_route=\/wp\/v2\/types\/post"}],"author":[{"embeddable":true,"href":"https:\/\/www.semanariolocal.cl\/index.php?rest_route=\/wp\/v2\/users\/1"}],"replies":[{"embeddable":true,"href":"https:\/\/www.semanariolocal.cl\/index.php?rest_route=%2Fwp%2Fv2%2Fcomments&post=30513"}],"version-history":[{"count":1,"href":"https:\/\/www.semanariolocal.cl\/index.php?rest_route=\/wp\/v2\/posts\/30513\/revisions"}],"predecessor-version":[{"id":30515,"href":"https:\/\/www.semanariolocal.cl\/index.php?rest_route=\/wp\/v2\/posts\/30513\/revisions\/30515"}],"wp:featuredmedia":[{"embeddable":true,"href":"https:\/\/www.semanariolocal.cl\/index.php?rest_route=\/wp\/v2\/media\/30514"}],"wp:attachment":[{"href":"https:\/\/www.semanariolocal.cl\/index.php?rest_route=%2Fwp%2Fv2%2Fmedia&parent=30513"}],"wp:term":[{"taxonomy":"category","embeddable":true,"href":"https:\/\/www.semanariolocal.cl\/index.php?rest_route=%2Fwp%2Fv2%2Fcategories&post=30513"},{"taxonomy":"post_tag","embeddable":true,"href":"https:\/\/www.semanariolocal.cl\/index.php?rest_route=%2Fwp%2Fv2%2Ftags&post=30513"}],"curies":[{"name":"wp","href":"https:\/\/api.w.org\/{rel}","templated":true}]}}