{"id":3050,"date":"2021-11-16T22:16:03","date_gmt":"2021-11-17T01:16:03","guid":{"rendered":"https:\/\/www.semanariolocal.cl\/?p=3050"},"modified":"2021-11-16T22:16:03","modified_gmt":"2021-11-17T01:16:03","slug":"alcaldesa-de-rio-bueno-se-suma-a-solicitud-de-ampliacion-de-aerodromo-osornino","status":"publish","type":"post","link":"https:\/\/www.semanariolocal.cl\/?p=3050","title":{"rendered":"Alcaldesa de Rio Bueno se suma a solicitud de ampliaci\u00f3n de aer\u00f3dromo osornino"},"content":{"rendered":"\n<p style=\"font-size:17px\">Una provechosa reuni\u00f3n de trabajo sostuvo el alcalde Emeterio Carrillo con su par de la comuna de R\u00edo Bueno, Carolina Silva, quien entreg\u00f3 su apoyo al jefe comunal osornino en la solicitud que se har\u00e1, a nivel provincial, ante el Ministerio de Obras P\u00fablicas para la ampliaci\u00f3n de la pista de aterrizaje del Aeropuerto de Ca\u00f1al Bajo.<\/p>\n\n\n\n<p style=\"font-size:17px\">Durante este encuentro, Carrillo fue acompa\u00f1ado por el representante de la C\u00e1mara de Comercio, Industrias, Servicios y Turismo de Osorno, Victoriano Reinares, socializando con Silva sobre la imperiosa necesidad de concretar este proyecto, \u201cpues el objetivo es convertir a este terminal a\u00e9reo en uno de los m\u00e1s importantes del sur de Chile, ya que posee una privilegiada ubicaci\u00f3n geogr\u00e1fica y estrat\u00e9gica para las provincias de Osorno y del Ranco, y dotarlo de una pista de mayor longitud permitir\u00e1 aumentar la llegada de m\u00e1s y mejores aviones, como ha sido la sentida aspiraci\u00f3n de los habitantes de nuestro territorio\u201d.<\/p>\n\n\n\n<p style=\"font-size:17px\">\u201cDe ah\u00ed que creemos que estamos en condiciones de gestionar una audiencia con el Ministro de Obras P\u00fablicas, Alfredo Moreno, para entregar formalmente esta propuesta, cuya principal caracter\u00edstica es que nace no s\u00f3lo de los municipios de la zona, sino tambi\u00e9n de las organizaciones gremiales y sociales del sur, y donde esperamos tener una respuesta positiva al respecto\u201d, indic\u00f3 el alcalde Carrillo.<\/p>\n\n\n\n<p style=\"font-size:17px\">Por su parte, la alcaldesa de R\u00edo Bueno, Carolina Silva, se\u00f1al\u00f3 que \u201cesta iniciativa me parece magnifica, por lo que, sin duda, nos sumamos y la apoyamos, ya que ac\u00e1 hablamos de un esfuerzo por unir a dos regiones hermanas que comparten muchos factores en com\u00fan, entre ellos, comerciales, econ\u00f3micos y productivos, y donde la conectividad a\u00e9rea es clave para seguir creciendo como territorios\u201d.<\/p>\n","protected":false},"excerpt":{"rendered":"<p>Una provechosa reuni\u00f3n de trabajo sostuvo el alcalde Emeterio Carrillo con su par de la comuna de R\u00edo Bueno, Carolina Silva, quien entreg\u00f3 su apoyo al jefe comunal osornino en la solicitud que se har\u00e1, a nivel provincial, ante el Ministerio de Obras P\u00fablicas para la ampliaci\u00f3n de la pista de aterrizaje del Aeropuerto de&#8230;<a class=\"btnReadMore\" href=\"https:\/\/www.semanariolocal.cl\/?p=3050\"> Leer M\u00e1s<\/a><\/p>\n","protected":false},"author":1,"featured_media":3051,"comment_status":"closed","ping_status":"closed","sticky":false,"template":"","format":"standard","meta":{"footnotes":""},"categories":[3],"tags":[],"class_list":["post-3050","post","type-post","status-publish","format-standard","has-post-thumbnail","hentry","category-al-dia"],"_links":{"self":[{"href":"https:\/\/www.semanariolocal.cl\/index.php?rest_route=\/wp\/v2\/posts\/3050","targetHints":{"allow":["GET"]}}],"collection":[{"href":"https:\/\/www.semanariolocal.cl\/index.php?rest_route=\/wp\/v2\/posts"}],"about":[{"href":"https:\/\/www.semanariolocal.cl\/index.php?rest_route=\/wp\/v2\/types\/post"}],"author":[{"embeddable":true,"href":"https:\/\/www.semanariolocal.cl\/index.php?rest_route=\/wp\/v2\/users\/1"}],"replies":[{"embeddable":true,"href":"https:\/\/www.semanariolocal.cl\/index.php?rest_route=%2Fwp%2Fv2%2Fcomments&post=3050"}],"version-history":[{"count":1,"href":"https:\/\/www.semanariolocal.cl\/index.php?rest_route=\/wp\/v2\/posts\/3050\/revisions"}],"predecessor-version":[{"id":3052,"href":"https:\/\/www.semanariolocal.cl\/index.php?rest_route=\/wp\/v2\/posts\/3050\/revisions\/3052"}],"wp:featuredmedia":[{"embeddable":true,"href":"https:\/\/www.semanariolocal.cl\/index.php?rest_route=\/wp\/v2\/media\/3051"}],"wp:attachment":[{"href":"https:\/\/www.semanariolocal.cl\/index.php?rest_route=%2Fwp%2Fv2%2Fmedia&parent=3050"}],"wp:term":[{"taxonomy":"category","embeddable":true,"href":"https:\/\/www.semanariolocal.cl\/index.php?rest_route=%2Fwp%2Fv2%2Fcategories&post=3050"},{"taxonomy":"post_tag","embeddable":true,"href":"https:\/\/www.semanariolocal.cl\/index.php?rest_route=%2Fwp%2Fv2%2Ftags&post=3050"}],"curies":[{"name":"wp","href":"https:\/\/api.w.org\/{rel}","templated":true}]}}