{"id":30490,"date":"2025-08-11T09:45:00","date_gmt":"2025-08-11T13:45:00","guid":{"rendered":"https:\/\/www.semanariolocal.cl\/?p=30490"},"modified":"2025-08-13T22:50:18","modified_gmt":"2025-08-14T02:50:18","slug":"restauracion-ecologica-en-chile-integrar-ciencia-valores-culturales-y-comunidades-locales","status":"publish","type":"post","link":"https:\/\/www.semanariolocal.cl\/?p=30490","title":{"rendered":"Restauraci\u00f3n ecol\u00f3gica en Chile: integrar ciencia, valores culturales y comunidades locales"},"content":{"rendered":"\n<p><strong><mark style=\"background-color:#abb8c3\" class=\"has-inline-color has-white-color\">11 de Agosto del 2025.- <\/mark><\/strong> <a href=\"https:\/\/www.uoh.cl\/investigacion\/academico\/matias-barcelo\/\" target=\"_blank\" rel=\"noreferrer noopener\">Mat\u00edas Barcel\u00f3<\/a>, investigador postdoctoral del&nbsp;<a href=\"https:\/\/www.uoh.cl\/instituto-de-ciencias-agroalimentarias\/\" target=\"_blank\" rel=\"noreferrer noopener\">Instituto de Ciencias Agroalimentarias, Animales y Ambientales<\/a>&nbsp;(ICA3) de la&nbsp;<a href=\"http:\/\/www.uoh.cl\/\" target=\"_blank\" rel=\"noreferrer noopener\">Universidad de O\u2019Higgins<\/a>&nbsp;(UOH), en conjunto con los acad\u00e9micos Claudia Rojas y Alejandro Venegas, tambi\u00e9n del mismo instituto, realizaron un estudio con el objetivo de&nbsp;<strong>evaluar el estado y proyecciones de la restauraci\u00f3n ecol\u00f3gica y social en Chile<\/strong>, a partir del an\u00e1lisis de m\u00e1s de 90 iniciativas registradas por el Ministerio del Medio Ambiente.<\/p>\n\n\n\n<p>En la investigaci\u00f3n se hace \u00e9nfasis que, a pesar del crecimiento sostenido en el n\u00famero de iniciativas de restauraci\u00f3n ecol\u00f3gica en Chile durante la \u00faltima d\u00e9cada,&nbsp;<strong>los enfoques predominantes han priorizado la reforestaci\u00f3n, relegando los aspectos socio-ecol\u00f3gicos y comunitarios a un rol secundario<\/strong>.<\/p>\n\n\n\n<p>As\u00ed lo plantea Mat\u00edas Barcel\u00f3, quien advierte que \u201cla mayor\u00eda ha priorizado la reforestaci\u00f3n con especies nativas en terrenos altamente degradados, lo que ha generado un uso excesivo de riego, especialmente en la zona central y centro-sur del pa\u00eds. Estas regiones recientemente han sido intensamente afectadas por incendios forestales, per\u00edodo prolongado de sequ\u00edas, y plantaciones ex\u00f3ticas. Sin embargo, estos esfuerzos suelen ejecutarse sin una planificaci\u00f3n integral que articule la ciencia, las comunidades locales, los valores culturales y el sector privado\u201d.<\/p>\n\n\n\n<p>Barcel\u00f3 agrega que un problema relevante es \u201cla falta de participaci\u00f3n significativa de las comunidades, cuyo rol en muchos casos es limitada a tareas operativas sin incidencia en la toma de decisiones. Sin embargo, consideramos que las comunidades locales tienen una valiosa oportunidad de ser incorporadas activamente desde su conocimiento tradicional de los ecosistemas, as\u00ed como en el establecimiento y monitoreo de los proyectos\u201d. Esta situaci\u00f3n responde tambi\u00e9n a una \u201cfuerte dependencia del financiamiento privado, debido a la precariedad de los subsidios estatales para la restauraci\u00f3n ecol\u00f3gica\u201d. Este financiamiento privado se enfoca especialmente en programas de reforestaci\u00f3n.<\/p>\n\n\n\n<p><strong>Una oportunidad para el cambio<\/strong><\/p>\n\n\n\n<p>La reciente creaci\u00f3n del&nbsp;<a href=\"https:\/\/mma.gob.cl\/biodiversidad\/servicio-de-biodiversidad-y-areas-protegidas\/\" target=\"_blank\" rel=\"noreferrer noopener\">Servicio de Biodiversidad y \u00c1reas Protegidas<\/a>&nbsp;(SBAP) es vista por el investigador como una oportunidad hist\u00f3rica para cambiar esta l\u00f3gica. \u201cEsta nueva institucionalidad no solo permitir\u00e1 elaborar planes espec\u00edficos para restaurar ecosistemas degradados, tanto dentro como fuera de \u00e1reas protegidas, sino que tambi\u00e9n contempla la participaci\u00f3n de comunidades locales\u201d, se\u00f1ala.<\/p>\n\n\n\n<p>Respecto al rol de las comunidades locales e ind\u00edgenas, Barcel\u00f3 destaca que \u201csu involucramiento se ha restringido a acciones puntuales como, por ejemplo, la plantaci\u00f3n de \u00e1rboles o recolecci\u00f3n de semillas, sin que exista un espacio real para su participaci\u00f3n en la planificaci\u00f3n, gobernanza o definici\u00f3n de objetivos de restauraci\u00f3n ecol\u00f3gica, que ir\u00eda m\u00e1s all\u00e1 de solo la reforestaci\u00f3n de \u00e1rboles\u201d. Por ello, plantea como necesario \u201ccrear mecanismos de co-gesti\u00f3n, entregar herramientas y apoyo t\u00e9cnico a las comunidades, y fomentar la corresponsabilidad en la toma de decisiones sobre los ecosistemas que habitan y cuidan\u201d.<\/p>\n\n\n\n<p>El investigador tambi\u00e9n advierte sobre una deuda importante con los ecosistemas marinos. \u201cHan estado pr\u00e1cticamente ausentes en las pol\u00edticas de restauraci\u00f3n chilenas, a pesar de que el pa\u00eds cuenta con miles de kil\u00f3metros de costa y una rica biodiversidad marina\u201d. Esta omisi\u00f3n -a\u00f1ade- se debe en parte \u201ca la fragmentaci\u00f3n institucional que separa la gesti\u00f3n terrestre de la marina y a una pol\u00edtica p\u00fablica que hist\u00f3ricamente ha centrado sus esfuerzos en la restauraci\u00f3n forestal\u201d.<\/p>\n\n\n\n<p>Experiencias como el Proyecto Kintu \u2014que busca la reintroducci\u00f3n del guanaco como especie clave para restaurar ecosistemas mediterr\u00e1neos\u2014 o la colaboraci\u00f3n entre cient\u00edficos del Instituto SECOS y pescadores de caleta Horc\u00f3n para la repoblaci\u00f3n de macroalgas, son ejemplos concretos de buenas pr\u00e1cticas, que destacan por combinar ciencia y saber local, involucrar activamente a las comunidades y promover soluciones que restauran funciones ecol\u00f3gicas.<\/p>\n\n\n\n<p>\u201cEstos casos muestran que, cuando se articulan ciencia, saberes locales y participaci\u00f3n ciudadana, los procesos de restauraci\u00f3n pueden tener un impacto profundo y duradero\u201d, subraya Barcel\u00f3.<\/p>\n\n\n\n<p>El estudio cobra especial relevancia en el marco de la D\u00e9cada de las Naciones Unidas sobre la Restauraci\u00f3n de los Ecosistemas (2021\u20132030), que hace un llamado global a revertir la degradaci\u00f3n ambiental. En Chile, el Plan Nacional de Restauraci\u00f3n de Paisajes busca restaurar al menos un mill\u00f3n de hect\u00e1reas degradadas, pero enfrenta desaf\u00edos t\u00e9cnicos, pol\u00edticos y financieros. \u201cM\u00e1s all\u00e1 de los detalles, el desaf\u00edo principal es traducir la ambici\u00f3n del plan en procesos concretos, inclusivos y sostenibles en el tiempo\u201d, recalca el investigador.<\/p>\n\n\n\n<p>Finalmente, Barcel\u00f3 enfatiza los beneficios sociales y culturales que puede traer una restauraci\u00f3n con enfoque socioecol\u00f3gico: \u201ceste tipo de enfoque fortalece los lazos entre las comunidades y sus territorios, revitaliza pr\u00e1cticas culturales vinculadas a la naturaleza y contribuye a la construcci\u00f3n de identidades locales basadas en el cuidado del entorno\u201d.<\/p>\n","protected":false},"excerpt":{"rendered":"<p>  Investigadores UOH destacan la importancia de considerar las limitaciones de la restauraci\u00f3n ecol\u00f3gica en Chile y subrayan la necesidad de poner mayor atenci\u00f3n en la integraci\u00f3n del conocimiento local, la participaci\u00f3n comunitaria y una visi\u00f3n marina-terrestre para enfrentar los desaf\u00edos del nuevo Servicio de Biodiversidad y \u00c1reas Protegidas.<\/p>\n","protected":false},"author":1,"featured_media":30491,"comment_status":"closed","ping_status":"closed","sticky":false,"template":"","format":"standard","meta":{"footnotes":""},"categories":[3302,3,2540,2541,3690,3822],"tags":[2118,337,273,247,133,2105],"class_list":["post-30490","post","type-post","status-publish","format-standard","has-post-thumbnail","hentry","category-academia","category-al-dia","category-ciencia","category-investigacion","category-medio-ambiente","category-recursos-naturales","tag-semanariolocal","tag-informacion","tag-noticias","tag-region-de-los-lagos","tag-semanario-local","tag-universidad-bernardo-ohiggins"],"_links":{"self":[{"href":"https:\/\/www.semanariolocal.cl\/index.php?rest_route=\/wp\/v2\/posts\/30490","targetHints":{"allow":["GET"]}}],"collection":[{"href":"https:\/\/www.semanariolocal.cl\/index.php?rest_route=\/wp\/v2\/posts"}],"about":[{"href":"https:\/\/www.semanariolocal.cl\/index.php?rest_route=\/wp\/v2\/types\/post"}],"author":[{"embeddable":true,"href":"https:\/\/www.semanariolocal.cl\/index.php?rest_route=\/wp\/v2\/users\/1"}],"replies":[{"embeddable":true,"href":"https:\/\/www.semanariolocal.cl\/index.php?rest_route=%2Fwp%2Fv2%2Fcomments&post=30490"}],"version-history":[{"count":1,"href":"https:\/\/www.semanariolocal.cl\/index.php?rest_route=\/wp\/v2\/posts\/30490\/revisions"}],"predecessor-version":[{"id":30492,"href":"https:\/\/www.semanariolocal.cl\/index.php?rest_route=\/wp\/v2\/posts\/30490\/revisions\/30492"}],"wp:featuredmedia":[{"embeddable":true,"href":"https:\/\/www.semanariolocal.cl\/index.php?rest_route=\/wp\/v2\/media\/30491"}],"wp:attachment":[{"href":"https:\/\/www.semanariolocal.cl\/index.php?rest_route=%2Fwp%2Fv2%2Fmedia&parent=30490"}],"wp:term":[{"taxonomy":"category","embeddable":true,"href":"https:\/\/www.semanariolocal.cl\/index.php?rest_route=%2Fwp%2Fv2%2Fcategories&post=30490"},{"taxonomy":"post_tag","embeddable":true,"href":"https:\/\/www.semanariolocal.cl\/index.php?rest_route=%2Fwp%2Fv2%2Ftags&post=30490"}],"curies":[{"name":"wp","href":"https:\/\/api.w.org\/{rel}","templated":true}]}}