{"id":30416,"date":"2025-08-09T11:30:00","date_gmt":"2025-08-09T15:30:00","guid":{"rendered":"https:\/\/www.semanariolocal.cl\/?p=30416"},"modified":"2025-08-11T09:11:32","modified_gmt":"2025-08-11T13:11:32","slug":"estudio-de-simulacion-muestra-los-limites-de-la-burocracia-representativa","status":"publish","type":"post","link":"https:\/\/www.semanariolocal.cl\/?p=30416","title":{"rendered":"Estudio de simulaci\u00f3n muestra los l\u00edmites de la \u201cburocracia representativa\u201d"},"content":{"rendered":"\n<p><strong><mark style=\"background-color:#abb8c3\" class=\"has-inline-color has-white-color\">09 de Agosto del 2025.- <\/mark><\/strong>Seg\u00fan la acad\u00e9mica del\u00a0<a href=\"https:\/\/www.uoh.cl\/instituto-de-ciencias-sociales\/\" target=\"_blank\" rel=\"noreferrer noopener\">Instituto de Ciencias Sociales<\/a>\u00a0de la\u00a0<a href=\"https:\/\/www.uoh.cl\/\" target=\"_blank\" rel=\"noreferrer noopener\">Universidad de O\u2019Higgins<\/a>\u00a0(UOH),\u00a0<a href=\"https:\/\/www.uoh.cl\/investigacion\/academico\/catalina-canals\/\" target=\"_blank\" rel=\"noreferrer noopener\">Catalina Canals<\/a>, el estudio denominado\u00a0<a href=\"https:\/\/journal-bpa.org\/index.php\/jbpa\/article\/view\/355\/176\" target=\"_blank\" rel=\"noreferrer noopener\">\u00a0\u201cExperimentos de comportamiento sobre representaci\u00f3n activa basados en simulaciones\u201d<\/a>\u00a0puso a prueba el principio de \u201cburocracia representativa\u201d, sobre el cual se espera que una determinada poblaci\u00f3n resulte beneficiada dentro de la gesti\u00f3n p\u00fablica, cuando esta es atendida por personas de su misma identidad \u00e9tnica o de g\u00e9nero.<\/p>\n\n\n\n<p>Canals, quien form\u00f3 equipo con los investigadores de Estados Unidos, Spiro Maroulis, Stuart Bretschneider y Brian Seo, explica que este estudio -utilizando simulaci\u00f3n computacional- consisti\u00f3 en ubicar a los participantes en el rol de gestores de un servicio de salud dentro de una red, debiendo decidir c\u00f3mo distribu\u00edan a los trabajadores entre su propio servicio y los otros. Esto, en un contexto donde la poblaci\u00f3n atendida por la red de salud pod\u00eda variar en t\u00e9rminos \u00e9tnicos y de g\u00e9nero, pudiendo coincidir o no con la identidad del participante.<\/p>\n\n\n\n<p>Se esperaba que la identidad compartida generara solidaridad por afinidad, compartiendo m\u00e1s trabajadores a los otros servicios de salud, pero la evidencia no respald\u00f3 esta hip\u00f3tesis general.<\/p>\n\n\n\n<p>\u201cPor el contrario, no encontramos evidencia de que los participantes beneficiaran m\u00e1s a la poblaci\u00f3n de su propia etnia o g\u00e9nero. Esto sugiere que la construcci\u00f3n de identidades es compleja y, por ende, ser de un mismo g\u00e9nero o grupo \u00e9tnico puede no ser suficiente para generar un sentido de identidad com\u00fan que promueva mayor solidaridad y mejor desempe\u00f1o, en este caso, en la red de salud en su conjunto\u201d, sostiene la acad\u00e9mica.<\/p>\n\n\n\n<p><strong>Patr\u00f3n en mujeres afrodescendientes<\/strong><\/p>\n\n\n\n<p>Por otro lado, si bien no se encontr\u00f3 que los administradores de salud pudieran asignar m\u00e1s trabajadores al resto de la red cuando coincidieran en g\u00e9nero o etnia con la poblaci\u00f3n atendida, se observ\u00f3 un patr\u00f3n particular solo en mujeres afrodescendientes, seg\u00fan destaca la investigadora.<\/p>\n\n\n\n<p>\u201cLos hallazgos muestran que las mujeres afrodescendientes tendieron a favorecer a su propio servicio cuando la poblaci\u00f3n atendida coincid\u00eda con su g\u00e9nero y etnia. Esta interacci\u00f3n evidencia que la intersecci\u00f3n de g\u00e9nero y grupo \u00e9tnico puede ser importante para la construcci\u00f3n de identidades\u201d, describe la cient\u00edfica.<\/p>\n\n\n\n<p><strong>Hacia nuevas exploraciones<\/strong><\/p>\n\n\n\n<p>La Doctora en Ingenier\u00eda de Sistemas Complejos, cree que al poner a prueba el principio de representaci\u00f3n burocr\u00e1tica se abren nuevas v\u00edas para explorar la relaci\u00f3n entre identidad y toma de decisiones en la administraci\u00f3n p\u00fablica, con la cual se pueden proyectar futuros an\u00e1lisis en contextos donde la poblaci\u00f3n atendida sea m\u00e1s diversa, y con distintos intereses.<\/p>\n\n\n\n<p>\u201cEn ese sentido, se podr\u00edan realizar experimentos que consideren c\u00f3mo la distribuci\u00f3n de recursos puede favorecer a ciertos grupos, y eventualmente perjudicar a otros. Es decir, \u00bfc\u00f3mo la identidad afecta las decisiones cuando el beneficiar a una poblaci\u00f3n particular puede perjudicar a otro?\u201d, propone la investigadora, adelant\u00e1ndose a posibles escenarios.<\/p>\n","protected":false},"excerpt":{"rendered":"<p>Investigaci\u00f3n se\u00f1ala que la identidad compartida no es un factor que impulsa necesariamente la solidaridad.<\/p>\n","protected":false},"author":1,"featured_media":30417,"comment_status":"closed","ping_status":"closed","sticky":false,"template":"","format":"standard","meta":{"footnotes":""},"categories":[3,2889,3608,4357,9,2541,6,3842],"tags":[2118,189,4571,337,273,247,133,2105,176],"class_list":["post-30416","post","type-post","status-publish","format-standard","has-post-thumbnail","hentry","category-al-dia","category-analisis","category-estado","category-estudio-publico","category-gobierno","category-investigacion","category-politica","category-politicas-publicas","tag-semanariolocal","tag-estado","tag-gobernabilidad","tag-informacion","tag-noticias","tag-region-de-los-lagos","tag-semanario-local","tag-universidad-bernardo-ohiggins","tag-uoh"],"_links":{"self":[{"href":"https:\/\/www.semanariolocal.cl\/index.php?rest_route=\/wp\/v2\/posts\/30416","targetHints":{"allow":["GET"]}}],"collection":[{"href":"https:\/\/www.semanariolocal.cl\/index.php?rest_route=\/wp\/v2\/posts"}],"about":[{"href":"https:\/\/www.semanariolocal.cl\/index.php?rest_route=\/wp\/v2\/types\/post"}],"author":[{"embeddable":true,"href":"https:\/\/www.semanariolocal.cl\/index.php?rest_route=\/wp\/v2\/users\/1"}],"replies":[{"embeddable":true,"href":"https:\/\/www.semanariolocal.cl\/index.php?rest_route=%2Fwp%2Fv2%2Fcomments&post=30416"}],"version-history":[{"count":1,"href":"https:\/\/www.semanariolocal.cl\/index.php?rest_route=\/wp\/v2\/posts\/30416\/revisions"}],"predecessor-version":[{"id":30418,"href":"https:\/\/www.semanariolocal.cl\/index.php?rest_route=\/wp\/v2\/posts\/30416\/revisions\/30418"}],"wp:featuredmedia":[{"embeddable":true,"href":"https:\/\/www.semanariolocal.cl\/index.php?rest_route=\/wp\/v2\/media\/30417"}],"wp:attachment":[{"href":"https:\/\/www.semanariolocal.cl\/index.php?rest_route=%2Fwp%2Fv2%2Fmedia&parent=30416"}],"wp:term":[{"taxonomy":"category","embeddable":true,"href":"https:\/\/www.semanariolocal.cl\/index.php?rest_route=%2Fwp%2Fv2%2Fcategories&post=30416"},{"taxonomy":"post_tag","embeddable":true,"href":"https:\/\/www.semanariolocal.cl\/index.php?rest_route=%2Fwp%2Fv2%2Ftags&post=30416"}],"curies":[{"name":"wp","href":"https:\/\/api.w.org\/{rel}","templated":true}]}}