{"id":30402,"date":"2025-08-08T07:50:00","date_gmt":"2025-08-08T11:50:00","guid":{"rendered":"https:\/\/www.semanariolocal.cl\/?p=30402"},"modified":"2025-08-08T11:39:12","modified_gmt":"2025-08-08T15:39:12","slug":"el-rol-de-la-fonoaudiologia-en-la-promocion-de-la-lactancia-materna","status":"publish","type":"post","link":"https:\/\/www.semanariolocal.cl\/?p=30402","title":{"rendered":"El rol de la fonoaudiolog\u00eda en la promoci\u00f3n de la lactancia materna"},"content":{"rendered":"\n<p><strong><mark style=\"background-color:#abb8c3\" class=\"has-inline-color has-white-color\">08 de Agosto del 2025.- <\/mark><\/strong> La lactancia tiene una relevancia indiscutida y fundamental en los reci\u00e9n nacidos y ni\u00f1os por todos los beneficios que entrega en su salud, bienestar y desarrollo f\u00edsico a trav\u00e9s de los nutrientes de la leche, como tambi\u00e9n en lo emocional por el v\u00ednculo que se va produciendo entre el beb\u00e9 y su madre. Por esta raz\u00f3n es que todos los profesionales de salud, debemos ser part\u00edcipes activos en hacer educaci\u00f3n a la comunidad para proteger la lactancia materna, apoyarla y promoverla ayudando a sensibilizar y hacer reflexionar a la poblaci\u00f3n sobre sus beneficios<\/p>\n\n\n\n<p>La Fonoaudiolog\u00eda generalmente se ha relacionado, en el \u00e1rea infantil, a la estimulaci\u00f3n y\/o rehabilitaci\u00f3n del lenguaje y la comunicaci\u00f3n, pero en la actualidad ha tomado mucha relevancia el desempe\u00f1o profesional de los Fonoaudio\u00eclogos en el \u00e1rea de la Motricidad Orofacial donde parte del trabajo est\u00e1 orientado en el desarrollo de habilidades sensoriomotoras orofaciales que aseguran un crecimiento arm\u00f3nico y adecuado del macizo facial para lograr la habilitaci\u00f3n como tambi\u00e9n la rehabilitaci\u00f3n de las funciones orofaciales para la alimentaci\u00f3n como son la succi\u00f3n, degluci\u00f3n, masticaci\u00f3n y el aporte que da la respiraci\u00f3n para el buen funcionamiento de las dem\u00e1s.<\/p>\n\n\n\n<p>Durante el periodo de lactancia materna, el profesional fonoaudi\u00f3logo participa en evaluar las estructuras anat\u00f3micas orofaciales del lactante poniendo atenci\u00f3n en la indemnidad de las diferentes estructuras como por ejemplo las caracter\u00edsticas de los labios y el frenillo sublingual para asegurar un buen selle labial en el pecho materno y la adecuada realizaci\u00f3n de la secuencia succi\u00f3n, degluci\u00f3n y respiraci\u00f3n. Al lograr la adecuada realizaci\u00f3n de esta triada funcional, la ingesta de leche ser\u00e1 segura, exitosa y se podr\u00e1 ayudar a mantener la salud anat\u00f3mica y funcional del pecho materno.<\/p>\n\n\n\n<p>Actualmente, en nuestra formaci\u00f3n profesional recibimos desde la educaci\u00f3n de pregrado las bases conceptuales, procedimentales y actitudinales necesarias para aportar, desde nuestro punto de vista profesional,&nbsp; en la salud y bienestar de los usuarios reci\u00e9n nacidos y lactantes durante su periodo de alimentaci\u00f3n primaria, siendo preparados tambi\u00e9n para aportar en casos especiales como es el proceso de alimentaci\u00f3n de reci\u00e9n nacidos prematuros o con alteraciones anatomofisiol\u00f3gicas a nivel orofacial.<\/p>\n\n\n\n<p>Es as\u00ed como los fonoaudi\u00f3logos y fonoaudi\u00f3logas somos parte del equipo de profesionales que est\u00e1n presentes en este proceso de lactancia materna acompa\u00f1ando y ayudando en preparar a las madres y a los bebes para este periodo tan importante de sus vidas.&nbsp;&nbsp;<\/p>\n\n\n\n<p><strong>M. Lyliam Cancino Montes &#8211; Docente Carrera Fonoaudiolog\u00eda &#8211; Universidad Andr\u00e9s Bello, Concepci\u00f3n<\/strong><\/p>\n\n\n\n<p><\/p>\n","protected":false},"excerpt":{"rendered":"<p>Una excelente forma de celebrar esta semana de la lactancia, es ayudar a dar a conocer cu\u00e1l es nuestro rol profesional en este hermoso proceso que es parte de la vida de todos.\u00a0<\/p>\n","protected":false},"author":1,"featured_media":30403,"comment_status":"closed","ping_status":"closed","sticky":false,"template":"","format":"standard","meta":{"footnotes":""},"categories":[3,4161,7,4401,2484,4395],"tags":[2118,337,4569,273,247,133],"class_list":["post-30402","post","type-post","status-publish","format-standard","has-post-thumbnail","hentry","category-al-dia","category-familia","category-opinion","category-primera-infancia","category-salud","category-sociedad","tag-semanariolocal","tag-informacion","tag-m-lyliam-cancino-montes","tag-noticias","tag-region-de-los-lagos","tag-semanario-local"],"_links":{"self":[{"href":"https:\/\/www.semanariolocal.cl\/index.php?rest_route=\/wp\/v2\/posts\/30402","targetHints":{"allow":["GET"]}}],"collection":[{"href":"https:\/\/www.semanariolocal.cl\/index.php?rest_route=\/wp\/v2\/posts"}],"about":[{"href":"https:\/\/www.semanariolocal.cl\/index.php?rest_route=\/wp\/v2\/types\/post"}],"author":[{"embeddable":true,"href":"https:\/\/www.semanariolocal.cl\/index.php?rest_route=\/wp\/v2\/users\/1"}],"replies":[{"embeddable":true,"href":"https:\/\/www.semanariolocal.cl\/index.php?rest_route=%2Fwp%2Fv2%2Fcomments&post=30402"}],"version-history":[{"count":1,"href":"https:\/\/www.semanariolocal.cl\/index.php?rest_route=\/wp\/v2\/posts\/30402\/revisions"}],"predecessor-version":[{"id":30404,"href":"https:\/\/www.semanariolocal.cl\/index.php?rest_route=\/wp\/v2\/posts\/30402\/revisions\/30404"}],"wp:featuredmedia":[{"embeddable":true,"href":"https:\/\/www.semanariolocal.cl\/index.php?rest_route=\/wp\/v2\/media\/30403"}],"wp:attachment":[{"href":"https:\/\/www.semanariolocal.cl\/index.php?rest_route=%2Fwp%2Fv2%2Fmedia&parent=30402"}],"wp:term":[{"taxonomy":"category","embeddable":true,"href":"https:\/\/www.semanariolocal.cl\/index.php?rest_route=%2Fwp%2Fv2%2Fcategories&post=30402"},{"taxonomy":"post_tag","embeddable":true,"href":"https:\/\/www.semanariolocal.cl\/index.php?rest_route=%2Fwp%2Fv2%2Ftags&post=30402"}],"curies":[{"name":"wp","href":"https:\/\/api.w.org\/{rel}","templated":true}]}}