{"id":30365,"date":"2025-08-07T20:00:00","date_gmt":"2025-08-08T00:00:00","guid":{"rendered":"https:\/\/www.semanariolocal.cl\/?p=30365"},"modified":"2025-08-07T21:31:51","modified_gmt":"2025-08-08T01:31:51","slug":"la-educacion-y-la-democracia-el-camino-para-mejorar-la-convivencia","status":"publish","type":"post","link":"https:\/\/www.semanariolocal.cl\/?p=30365","title":{"rendered":"La educaci\u00f3n y la democracia. El camino para mejorar la convivencia\u00a0"},"content":{"rendered":"\n<p><strong><mark style=\"background-color:#abb8c3\" class=\"has-inline-color has-white-color\">07 de Agosto del 2025.- <\/mark><\/strong> En los \u00faltimos a\u00f1os se ha puesto especial atenci\u00f3n a los casos de violencia en la escuela y fuera de ella, principalmente en conflictos que podr\u00edan haberse originado en el espacio escolar. Cyber bullying y peleas callejeras han copado la prensa estos \u00faltimos dos a\u00f1os. Pero no s\u00f3lo ha sido la agresi\u00f3n entre pares sino tambi\u00e9n la agresi\u00f3n a docentes y en mucha menor medida de docentes a estudiantes los casos que han engrosado las notas period\u00edsticas.<\/p>\n\n\n\n<p>Los planes de convivencia, protocolos, normativas y leyes que regulan las relaciones al interior de las comunidades educativas ha sido fortalecida con la actualizaci\u00f3n en 2024 de la Pol\u00edtica Nacional de Convivencia Educativa. La que dicho sea de paso solo es aplicable a los colegios p\u00fablicos y particulares que reciben subvenci\u00f3n, pues los colegios privados en Chile casi no tienen regulaci\u00f3n directa al respecto, salvo lo que est\u00e1 explicitado como vulneraci\u00f3n de derechos en las leyes. Por eso los colegios privados no est\u00e1n obligados a tener equipos de convivencia o programas de inclusi\u00f3n.<\/p>\n\n\n\n<p>Esto en un marco mundial de ense\u00f1anza de una convivencia para la paz, la justicia y la democracia. Porque como indica Delors en el informe de la UNESCO (1996): \u201ca convivir se aprende\u201d. Entonces ense\u00f1ar sobre formas de relacionarse respetuosamente e igualitaria, sin discriminaci\u00f3n de ning\u00fan tipo, implica un cambio de compresiones culturales y de la formaci\u00f3n ciudadana. Respeto y tolerancia son la base, pero esto no es un contenido te\u00f3rico sino un comportamiento social, el que viene predefinido en los y las estudiantes desde la casa.&nbsp;<\/p>\n\n\n\n<p>Y justo ah\u00ed es donde tenemos problemas pues las cifras dicen que el 27% de las mujeres entre 15 y 49 a\u00f1os ha sido v\u00edctima de violencia f\u00edsica y\/o sexual en su casa. Esta cifra que significa que una 1 de cada 4 mujeres ha sufrido alg\u00fan tipo de violencia en el hogar, seg\u00fan los datos del Centro de Estudios y An\u00e1lisis del Delito (2024) de la Subsecretar\u00eda de Prevenci\u00f3n del Delito, indican que el 28,3% de los delitos violentos correspondi\u00f3 a casos de Violencia Intrafamiliar (VIF). Pero eso no es todo, porque estas altas cifras se replican y duplican en Chile en el caso de los ni\u00f1os, ni\u00f1as y adolescentes. Donde el 65,2%&nbsp; declara recibir disciplina violenta (psicol\u00f3gica y\/o f\u00edsica), donde el 33,5% recibe castigos f\u00edsicos (UNICEF, 2022).<\/p>\n\n\n\n<p>Estos antecedentes nos plantean un desaf\u00edo mayor a las comunidades educativas, pues si se quiere mejorar la convivencia familiar, escolar y social tenemos que darle un sentido mucho m\u00e1s comunitario a las escuelas, con un trabajo enfocado no s\u00f3lo a los y las estudiantes junto con docentes, sino tambi\u00e9n con los padres, madres y apoderados.<\/p>\n\n\n\n<p>El rol de la escuela hoy requiere un trabajo con las familias en una educaci\u00f3n que ya no pasa por memorizar tal o cual contenido, sino con un trabajo m\u00e1s humano que rompa el c\u00edrculo de la violencia que se est\u00e1 visibilizando en los espacios escolares por los actos de distintos actores de la comunidad cada vez con m\u00e1s brutalidad.<\/p>\n\n\n\n<p><strong>Eliseo Lara Ordenes &#8211; Acad\u00e9mico e Investigador\u00a0-Doctor en Estudios Americanos (Idea-Usach)<\/strong><\/p>\n","protected":false},"excerpt":{"rendered":"<p>Cyber bullying y peleas callejeras han copado la prensa estos \u00faltimos dos a\u00f1os.<\/p>\n","protected":false},"author":1,"featured_media":30366,"comment_status":"closed","ping_status":"closed","sticky":false,"template":"","format":"standard","meta":{"footnotes":""},"categories":[3,11,4396,3608,2496,3842],"tags":[2118,77,4562,337,273,247,133],"class_list":["post-30365","post","type-post","status-publish","format-standard","has-post-thumbnail","hentry","category-al-dia","category-educacion","category-especialista","category-estado","category-nacional","category-politicas-publicas","tag-semanariolocal","tag-educacion","tag-eliseo-lara-ordenes-2","tag-informacion","tag-noticias","tag-region-de-los-lagos","tag-semanario-local"],"_links":{"self":[{"href":"https:\/\/www.semanariolocal.cl\/index.php?rest_route=\/wp\/v2\/posts\/30365","targetHints":{"allow":["GET"]}}],"collection":[{"href":"https:\/\/www.semanariolocal.cl\/index.php?rest_route=\/wp\/v2\/posts"}],"about":[{"href":"https:\/\/www.semanariolocal.cl\/index.php?rest_route=\/wp\/v2\/types\/post"}],"author":[{"embeddable":true,"href":"https:\/\/www.semanariolocal.cl\/index.php?rest_route=\/wp\/v2\/users\/1"}],"replies":[{"embeddable":true,"href":"https:\/\/www.semanariolocal.cl\/index.php?rest_route=%2Fwp%2Fv2%2Fcomments&post=30365"}],"version-history":[{"count":1,"href":"https:\/\/www.semanariolocal.cl\/index.php?rest_route=\/wp\/v2\/posts\/30365\/revisions"}],"predecessor-version":[{"id":30367,"href":"https:\/\/www.semanariolocal.cl\/index.php?rest_route=\/wp\/v2\/posts\/30365\/revisions\/30367"}],"wp:featuredmedia":[{"embeddable":true,"href":"https:\/\/www.semanariolocal.cl\/index.php?rest_route=\/wp\/v2\/media\/30366"}],"wp:attachment":[{"href":"https:\/\/www.semanariolocal.cl\/index.php?rest_route=%2Fwp%2Fv2%2Fmedia&parent=30365"}],"wp:term":[{"taxonomy":"category","embeddable":true,"href":"https:\/\/www.semanariolocal.cl\/index.php?rest_route=%2Fwp%2Fv2%2Fcategories&post=30365"},{"taxonomy":"post_tag","embeddable":true,"href":"https:\/\/www.semanariolocal.cl\/index.php?rest_route=%2Fwp%2Fv2%2Ftags&post=30365"}],"curies":[{"name":"wp","href":"https:\/\/api.w.org\/{rel}","templated":true}]}}