{"id":30312,"date":"2025-08-04T09:10:00","date_gmt":"2025-08-04T13:10:00","guid":{"rendered":"https:\/\/www.semanariolocal.cl\/?p=30312"},"modified":"2025-08-04T17:13:59","modified_gmt":"2025-08-04T21:13:59","slug":"desafios-de-la-mineria-subterranea","status":"publish","type":"post","link":"https:\/\/www.semanariolocal.cl\/?p=30312","title":{"rendered":"Desaf\u00edos de la miner\u00eda subterr\u00e1nea"},"content":{"rendered":"\n<p><strong><mark style=\"background-color:#abb8c3\" class=\"has-inline-color has-white-color\">04 de Agosto del 2025.-<\/mark><\/strong> Jorge Romero, acad\u00e9mico del\u00a0<a href=\"https:\/\/www.uoh.cl\/instituto-de-ciencias-de-la-ingenieria\/\" target=\"_blank\" rel=\"noreferrer noopener\">Instituto de Ciencias de la Ingenier\u00eda<\/a>\u00a0(ICI) de la\u00a0<a href=\"http:\/\/www.uoh.cl\/\" target=\"_blank\" rel=\"noreferrer noopener\">Universidad de O\u2019Higgins<\/a>\u00a0(UOH), explica que debido a que la presi\u00f3n aumenta con la profundidad al interior de la monta\u00f1a, tambi\u00e9n crece la densidad de las rocas y el esfuerzo vertical sobre estas. \u201cEn zonas con tect\u00f3nica activa, como la Cordillera de Los Andes, tambi\u00e9n existen esfuerzos horizontales muy significativos. Esto determina que, no s\u00f3lo se trabaja a altas presiones producto de la profundidad, sino tambi\u00e9n por el contexto intr\u00ednseco de una zona monta\u00f1osa activa\u201d, detalla.<\/p>\n\n\n\n<p>El experto aclara -adem\u00e1s- que, ante un sismo muy pr\u00f3ximo a las excavaciones subterr\u00e1neas, \u201ces m\u00e1s probable que ocurran estallidos de roca, ya que los sismos ejercen una \u2018carga\u2019 adicional\u201d.<\/p>\n\n\n\n<p>Agrega que los estallidos de roca son liberaciones bruscas de energ\u00eda que producen material astillado y bloques de roca, que salen disparados a gran velocidad desde el macizo rocoso. \u201cEstos eventos ocurren a gran profundidad en las minas subterr\u00e1neas y pueden surgir sin necesidad de un sismo, incluso\u201d, agreg\u00f3 el ge\u00f3logo y doctor en Ciencias de la Tierra.<\/p>\n\n\n\n<p><strong>Caracter\u00edsticas de El Teniente<\/strong><\/p>\n\n\n\n<p>Asimismo,&nbsp;<a href=\"https:\/\/www.uoh.cl\/investigacion\/academico\/santiago-tassara\/\" target=\"_blank\" rel=\"noreferrer noopener\">Santiago Tassara<\/a>, Dr. en Ciencias menci\u00f3n geolog\u00eda y acad\u00e9mico del ICI-UOH, explica que El Teniente es una mina subterr\u00e1nea \u00fanica, tanto por su escala como por sus condiciones geol\u00f3gicas y geot\u00e9cnicas. \u201cLa mineralizaci\u00f3n se concentra alrededor de un cuerpo subvertical con forma de cono invertido, con leyes altas en profundidad. Para ponerlo en perspectiva, hoy se explotan yacimientos con leyes del orden de 0.3% de cobre, mientras que en El Teniente a\u00fan existen zonas con 0.8% o incluso 1%, lo cual es alt\u00edsimo\u201d.<\/p>\n\n\n\n<p>Agrega que una caracter\u00edstica central de este sistema es la presencia de la Brecha Braden, una unidad muy reconocida que se ubica en el n\u00facleo del yacimiento. \u201cEsta brecha no est\u00e1 mineralizada, pero posee excelentes propiedades mec\u00e1nicas. En torno a ella se desarrollan distintas zonas mineralizadas, que tienen comportamientos mec\u00e1nicos diferentes\u201d.<\/p>\n\n\n\n<p>Para el experto esta configuraci\u00f3n geol\u00f3gica \u201chace que el dise\u00f1o y la operaci\u00f3n de la mina deban adaptarse a la variabilidad tanto en contenido met\u00e1lico como en las propiedades de la roca\u201d.<\/p>\n","protected":false},"excerpt":{"rendered":"<p>La lamentable tragedia ocurrida en el Mineral El Teniente, que cost\u00f3 la vida de seis trabajadores, la pasada semana, nuevamente visibiliza las complejas condiciones en la miner\u00eda, y los riesgos que conlleva la ejecuci\u00f3n de trabajos en un yacimiento subterr\u00e1neo de cobre.<\/p>\n","protected":false},"author":1,"featured_media":30313,"comment_status":"closed","ping_status":"closed","sticky":false,"template":"","format":"standard","meta":{"footnotes":""},"categories":[3,3608,2603,2541,4395],"tags":[2118,337,3119,273,247,133,2105,176],"class_list":["post-30312","post","type-post","status-publish","format-standard","has-post-thumbnail","hentry","category-al-dia","category-estado","category-industria","category-investigacion","category-sociedad","tag-semanariolocal","tag-informacion","tag-mineria","tag-noticias","tag-region-de-los-lagos","tag-semanario-local","tag-universidad-bernardo-ohiggins","tag-uoh"],"_links":{"self":[{"href":"https:\/\/www.semanariolocal.cl\/index.php?rest_route=\/wp\/v2\/posts\/30312","targetHints":{"allow":["GET"]}}],"collection":[{"href":"https:\/\/www.semanariolocal.cl\/index.php?rest_route=\/wp\/v2\/posts"}],"about":[{"href":"https:\/\/www.semanariolocal.cl\/index.php?rest_route=\/wp\/v2\/types\/post"}],"author":[{"embeddable":true,"href":"https:\/\/www.semanariolocal.cl\/index.php?rest_route=\/wp\/v2\/users\/1"}],"replies":[{"embeddable":true,"href":"https:\/\/www.semanariolocal.cl\/index.php?rest_route=%2Fwp%2Fv2%2Fcomments&post=30312"}],"version-history":[{"count":1,"href":"https:\/\/www.semanariolocal.cl\/index.php?rest_route=\/wp\/v2\/posts\/30312\/revisions"}],"predecessor-version":[{"id":30314,"href":"https:\/\/www.semanariolocal.cl\/index.php?rest_route=\/wp\/v2\/posts\/30312\/revisions\/30314"}],"wp:featuredmedia":[{"embeddable":true,"href":"https:\/\/www.semanariolocal.cl\/index.php?rest_route=\/wp\/v2\/media\/30313"}],"wp:attachment":[{"href":"https:\/\/www.semanariolocal.cl\/index.php?rest_route=%2Fwp%2Fv2%2Fmedia&parent=30312"}],"wp:term":[{"taxonomy":"category","embeddable":true,"href":"https:\/\/www.semanariolocal.cl\/index.php?rest_route=%2Fwp%2Fv2%2Fcategories&post=30312"},{"taxonomy":"post_tag","embeddable":true,"href":"https:\/\/www.semanariolocal.cl\/index.php?rest_route=%2Fwp%2Fv2%2Ftags&post=30312"}],"curies":[{"name":"wp","href":"https:\/\/api.w.org\/{rel}","templated":true}]}}