{"id":30278,"date":"2025-08-02T07:30:00","date_gmt":"2025-08-02T11:30:00","guid":{"rendered":"https:\/\/www.semanariolocal.cl\/?p=30278"},"modified":"2025-08-03T23:22:08","modified_gmt":"2025-08-04T03:22:08","slug":"consejo-del-salmon-expuso-en-la-cepal-sobre-nuevas-formulas-de-colaboracion-gremial","status":"publish","type":"post","link":"https:\/\/www.semanariolocal.cl\/?p=30278","title":{"rendered":"Consejo del Salm\u00f3n expuso en la CEPAL sobre nuevas f\u00f3rmulas de colaboraci\u00f3n gremial"},"content":{"rendered":"\n<p><strong><mark style=\"background-color:#abb8c3\" class=\"has-inline-color has-white-color\">02 de Agosto del 2025.- <\/mark><\/strong> El aumento de los aranceles a las exportaciones anunciado hace algunas semanas por el gobierno de Estados Unidos ha generado diversos efectos en la econom\u00eda mundial, muchos de los cuales a\u00fan no se manifiestan en su totalidad.<\/p>\n\n\n\n<p>Para analizar sus consecuencias directas en el pa\u00eds, el Consejo del Salm\u00f3n, representado por su presidenta ejecutiva, Loreto Seguel, particip\u00f3 en el seminario \u201cEl impacto del aumento de los aranceles en los Estados Unidos a las exportaciones agropecuarias, forestales y acu\u00edcolas de Chile\u201d, realizado en la CEPAL el mi\u00e9rcoles 30 de julio y organizado por la Academia Chilena de Ciencias Agron\u00f3micas.<\/p>\n\n\n\n<p>Durante su intervenci\u00f3n como expositora, Seguel profundiz\u00f3 en la importancia que tiene la salmonicultura para el desarrollo econ\u00f3mico del pa\u00eds, donde Chile es actualmente el segundo productor mundial y Estados Unidos, uno de los principales destinos de env\u00edo. Adem\u00e1s, el salm\u00f3n chileno hoy est\u00e1 presente en m\u00e1s de 100 mercados, avalado por m\u00e1s de 16 certificaciones sanitarias. \u201cProducimos la prote\u00edna que responde a los desaf\u00edos globales de alimentaci\u00f3n mundial y por eso, es fundamental trabajar con una estrategia de mirada pa\u00eds y un modelo de integraci\u00f3n a nivel de alianzas nacionales, regionales y globales para potenciar el sector. Es por ello que como gremio nuestro foco est\u00e1 en preocuparnos y ocuparnos enfrentando los desaf\u00edos bajo tres conceptos: anticipar, evidenciar y colaborar\u201d, explic\u00f3.&nbsp;<\/p>\n\n\n\n<p>La ejecutiva a\u00f1adi\u00f3 que \u201csi bien como industria industria global nos afectan los cambios geopol\u00edticos y es un hecho que los aranceles regulan tarifariamente el intercambio comercial, para el Consejo del Salm\u00f3n existen otras v\u00edas de despliegue ante escenarios adversos, y nos apoyamos en el ecosistema de organismos vinculados a los mercados mediante mecanismos de relacionamiento para la integraci\u00f3n comercial, considerando que la calidad y atributos del salm\u00f3n chileno puede llegar a muchos m\u00e1s mercados en el futuro\u201d.<\/p>\n\n\n\n<p>&nbsp;En el evento participaron distintas autoridades y expertos, entre ellos, Carlos Mu\u00f1oz, presidente de la Academia Chilena de Ciencias Agron\u00f3micas de CEPAL; Keiji Inoue, oficial encargado de la Divisi\u00f3n de Comercio Internacional e Integraci\u00f3n de CEPAL y Osvaldo Rosales, ex director de Relaciones Econ\u00f3micas Internacionales de la Canciller\u00eda. Inoue centr\u00f3 su ponencia en comercio internacional, pol\u00edticas arancelarias e impactos posibles, junto con entregar un panorama latinoamericano y caribe\u00f1o. En tanto, Rosales entreg\u00f3 detalles sobre el Acuerdo de Libre Comercio de Chile con Estados Unidos,&nbsp; los cambios arancelarios recientes, los posibles impactos y las medidas de pol\u00edtica econ\u00f3mica respectiva.&nbsp;&nbsp;&nbsp;&nbsp;&nbsp;&nbsp;&nbsp;&nbsp;&nbsp;&nbsp;&nbsp;&nbsp;&nbsp;&nbsp;&nbsp;&nbsp;&nbsp;&nbsp;&nbsp;&nbsp;&nbsp;&nbsp;&nbsp;&nbsp;&nbsp;&nbsp;&nbsp;&nbsp;&nbsp;&nbsp;&nbsp;&nbsp;&nbsp;&nbsp;<\/p>\n\n\n\n<p>Durante la segunda parte, Antonio Walker, Presidente de la Sociedad Nacional de Agricultura, habl\u00f3 sobre los cambios de los aranceles, posibles impactos y propuestas de pol\u00edtica en el sector agr\u00edcola y frut\u00edcola. Rodrigo O\u2019Ryan, presidente de la Corporaci\u00f3n Chilena de la Madera (CORMA), debati\u00f3 sobre los cambios de los aranceles, posibles impactos y propuestas de pol\u00edtica en el sector forestal, mientras que el sector acu\u00edcola y salmonicultor estuvo a cargo de Loreto Seguel.&nbsp;<\/p>\n\n\n\n<p><strong>Consejo del salm\u00f3n<\/strong><\/p>\n\n\n\n<p>El Consejo del Salm\u00f3n es una asociaci\u00f3n gremial que agrupa a cinco de las principales empresas productoras de salm\u00f3n en Chile: AquaChile, Australis Seafoods, Cermaq, Mowi y Salmones Ays\u00e9n. Su misi\u00f3n es promover una salmonicultura competitiva y sostenible, fortalecer la colaboraci\u00f3n p\u00fablico-privada y contribuir al desarrollo del pa\u00eds. La industria salmonicultora es actualmente el segundo sector exportador de Chile, despu\u00e9s del cobre, y el Consejo busca proyectar a Chile como l\u00edder mundial en salmonicultura responsable.<\/p>\n","protected":false},"excerpt":{"rendered":"<p>Loreto Seguel, presidenta ejecutiva del Consejo del Salm\u00f3n, apunt\u00f3 a la necesidad del pa\u00eds de fortalecer las relaciones comerciales internacionales.<\/p>\n","protected":false},"author":1,"featured_media":30279,"comment_status":"closed","ping_status":"closed","sticky":false,"template":"","format":"standard","meta":{"footnotes":""},"categories":[3,12,2406,3608,3857,2603,3828],"tags":[2118,469,2289,337,273,247,133],"class_list":["post-30278","post","type-post","status-publish","format-standard","has-post-thumbnail","hentry","category-al-dia","category-economia","category-empresas","category-estado","category-gremios","category-industria","category-industria-del-salmon","tag-semanariolocal","tag-exportaciones","tag-industria","tag-informacion","tag-noticias","tag-region-de-los-lagos","tag-semanario-local"],"_links":{"self":[{"href":"https:\/\/www.semanariolocal.cl\/index.php?rest_route=\/wp\/v2\/posts\/30278","targetHints":{"allow":["GET"]}}],"collection":[{"href":"https:\/\/www.semanariolocal.cl\/index.php?rest_route=\/wp\/v2\/posts"}],"about":[{"href":"https:\/\/www.semanariolocal.cl\/index.php?rest_route=\/wp\/v2\/types\/post"}],"author":[{"embeddable":true,"href":"https:\/\/www.semanariolocal.cl\/index.php?rest_route=\/wp\/v2\/users\/1"}],"replies":[{"embeddable":true,"href":"https:\/\/www.semanariolocal.cl\/index.php?rest_route=%2Fwp%2Fv2%2Fcomments&post=30278"}],"version-history":[{"count":1,"href":"https:\/\/www.semanariolocal.cl\/index.php?rest_route=\/wp\/v2\/posts\/30278\/revisions"}],"predecessor-version":[{"id":30280,"href":"https:\/\/www.semanariolocal.cl\/index.php?rest_route=\/wp\/v2\/posts\/30278\/revisions\/30280"}],"wp:featuredmedia":[{"embeddable":true,"href":"https:\/\/www.semanariolocal.cl\/index.php?rest_route=\/wp\/v2\/media\/30279"}],"wp:attachment":[{"href":"https:\/\/www.semanariolocal.cl\/index.php?rest_route=%2Fwp%2Fv2%2Fmedia&parent=30278"}],"wp:term":[{"taxonomy":"category","embeddable":true,"href":"https:\/\/www.semanariolocal.cl\/index.php?rest_route=%2Fwp%2Fv2%2Fcategories&post=30278"},{"taxonomy":"post_tag","embeddable":true,"href":"https:\/\/www.semanariolocal.cl\/index.php?rest_route=%2Fwp%2Fv2%2Ftags&post=30278"}],"curies":[{"name":"wp","href":"https:\/\/api.w.org\/{rel}","templated":true}]}}