{"id":30274,"date":"2025-08-02T07:50:00","date_gmt":"2025-08-02T11:50:00","guid":{"rendered":"https:\/\/www.semanariolocal.cl\/?p=30274"},"modified":"2025-08-03T23:17:13","modified_gmt":"2025-08-04T03:17:13","slug":"iniciativa-juvenil-de-ley-busca-gestionar-los-residuos-de-manera-obligatoria","status":"publish","type":"post","link":"https:\/\/www.semanariolocal.cl\/?p=30274","title":{"rendered":"Iniciativa Juvenil de Ley  busca gestionar los residuos de manera obligatoria"},"content":{"rendered":"\n<p><strong><mark style=\"background-color:#abb8c3\" class=\"has-inline-color has-white-color\">02 de Agisto del 2025.-<\/mark> <\/strong>Siete Iniciativas Juvenil de Ley (IJL) fueron presentadas este mi\u00e9rcoles en la\u00a0<a href=\"http:\/\/www.uoh.cl\/\" target=\"_blank\" rel=\"noreferrer noopener\">Universidad de O\u2019Higgins<\/a>\u00a0en la final regional del\u00a0<a href=\"https:\/\/www.bcn.cl\/delibera\" target=\"_blank\" rel=\"noreferrer noopener\">Torneo Delibera<\/a>. Ideas de estudiantes de la regi\u00f3n en las identificaron un problema y propusieron una soluci\u00f3n de manera legislativa. Esta competencia interescolar de deliberaci\u00f3n y formaci\u00f3n c\u00edvica es organizada por la Biblioteca del Congreso Nacional (BCN). Mientras que desde la UOH es liderada por la coordinaci\u00f3n de Programas Escolares de la Direcci\u00f3n de Admisi\u00f3n y Acceso Efectivo.<\/p>\n\n\n\n<p>La iniciativa \u00abBasura Escolar Cero\u00bb del Equipo AV, perteneciente al Liceo Municipal de Santa Cruz liderados\/as por la profesora Diana Cornejo, fue la ganadora de la final regional del Torneo Delibera. Los\/as estudiantes: Edgnalys Espinoza, Jorge Alvarado, Matilda Ram\u00edrez y Carolina Saavedra presentaron su proyecto que busca modificar la Ley N\u00b020.920 para incorporar en los reglamentos internos de todos los establecimientos educacionales \u2014ya sean p\u00fablicos, subvencionados o privados\u2014 disposiciones obligatorias que promuevan la gesti\u00f3n de residuos y la educaci\u00f3n ambiental.<\/p>\n\n\n\n<p>\u201cVemos que en verdad estamos enfrentando una gran crisis clim\u00e1tica y cre\u00edmos que eso ser\u00eda algo impactante. Una ley que servir\u00eda y que nos concientizar\u00eda en este \u00e1mbito. Nos imaginamos que \u00edbamos a ganar. La verdad es que ven\u00edamos mentalizados\/as y nos concentramos en que podr\u00edamos ganar este a\u00f1o. El anterior sacamos segundo y este a\u00f1o quer\u00edamos ir al nacional\u201d, destac\u00f3 Jorge Alvarado, integrante del Equipo AV.<\/p>\n\n\n\n<p>Mientras, el segundo lugar fue para el Liceo de Ni\u00f1as de Rancagua quienes presentaron una IJL que pretend\u00eda avanzar hacia una legislaci\u00f3n unificada, clara y robusta que defina de manera expl\u00edcita las diversas formas de acoso digital, establezca sanciones proporcionales a la gravedad de los hechos y contemple herramientas efectivas de investigaci\u00f3n y persecuci\u00f3n penal. El tercer lugar, en tanto, tambi\u00e9n del Liceo Municipal de Santa Cruz quer\u00eda ampliar el marco legal de la adopci\u00f3n en Chile, garantizando la protecci\u00f3n y bienestar para menores y familias adoptantes, sin ning\u00fan tipo de discriminaci\u00f3n.<\/p>\n\n\n\n<p>\u201cEste tipo de iniciativas nos sorprende gratamente y nos llena de esperanza. Evidencia que existe un genuino inter\u00e9s en nuestros\/as j\u00f3venes por cultivar su capacidad de argumentaci\u00f3n y an\u00e1lisis cr\u00edtico, tanto en los aspectos formales del debate como en todo aquello que les permite reafirmar sus convicciones y encontrar sentido a sus ideas. Como Universidad de O&#8217;Higgins, nos sentimos muy orgullosos\/as y esperanzados\/as con nuestros\/as estudiantes ganadores\/as, quienes nos representar\u00e1n en la final del Torneo Delibera 2025. Confiamos en que su dedicaci\u00f3n y preparaci\u00f3n los llevar\u00e1 al \u00e9xito\u201d, expres\u00f3 el Vicerrector Acad\u00e9mico UOH, Carlos P\u00e9rez Wilson.<\/p>\n\n\n\n<p>Para el profesor gu\u00eda del Equipo&nbsp;<em>K\u00fcme P\u00fcrew LSC<\/em>&nbsp;del Liceo Municipal de Santa Cruz, Fernando Ibaceta, se trat\u00f3 de un trabajo arduo y de mucha coordinaci\u00f3n. \u201cLos\/as chicos\/as realizaron un trabajo perfecto, defendieron s\u00faper bien, supieron acoger las sugerencias del jurado y realizaron la Reformulaci\u00f3n correspondiente que nos llev\u00f3 al tercer lugar. Siento mucho orgullo porque el Liceo de Santa Cruz una vez m\u00e1s est\u00e1 sacando la cara por el sistema de educaci\u00f3n p\u00fablica en este tipo de torneos\u201d, sostuvo.<\/p>\n\n\n\n<p>Asimismo, se reconoci\u00f3 la oratoria de los\/as participantes. Este premio recay\u00f3 en la estudiante Rafaela Jos\u00e9 Burgos del Equipo<em>&nbsp;Oscarinas<\/em>&nbsp;del Liceo Bicentenario \u00d3scar Castro Z\u00fa\u00f1iga, quienes presentaron una IJL llamada: \u201cMoci\u00f3n Parlamentaria, modificaci\u00f3n Libro 3 testamental del c\u00f3digo civil, \u00daltima Voluntad\u201d.<\/p>\n\n\n\n<p>La final nacional del Torneo Delibera se llevar\u00e1 a cabo el 8 de octubre en el Congreso Nacional de Chile.<\/p>\n","protected":false},"excerpt":{"rendered":"<p>Instancia busca fomentar competencias ciudadanas en estudiantes mediante la deliberaci\u00f3n de Iniciativas Juvenil de Ley.<\/p>\n","protected":false},"author":1,"featured_media":30275,"comment_status":"closed","ping_status":"closed","sticky":false,"template":"","format":"standard","meta":{"footnotes":""},"categories":[3,11,3690,3842,3822,4395],"tags":[2118,337,273,247,133,2105],"class_list":["post-30274","post","type-post","status-publish","format-standard","has-post-thumbnail","hentry","category-al-dia","category-educacion","category-medio-ambiente","category-politicas-publicas","category-recursos-naturales","category-sociedad","tag-semanariolocal","tag-informacion","tag-noticias","tag-region-de-los-lagos","tag-semanario-local","tag-universidad-bernardo-ohiggins"],"_links":{"self":[{"href":"https:\/\/www.semanariolocal.cl\/index.php?rest_route=\/wp\/v2\/posts\/30274","targetHints":{"allow":["GET"]}}],"collection":[{"href":"https:\/\/www.semanariolocal.cl\/index.php?rest_route=\/wp\/v2\/posts"}],"about":[{"href":"https:\/\/www.semanariolocal.cl\/index.php?rest_route=\/wp\/v2\/types\/post"}],"author":[{"embeddable":true,"href":"https:\/\/www.semanariolocal.cl\/index.php?rest_route=\/wp\/v2\/users\/1"}],"replies":[{"embeddable":true,"href":"https:\/\/www.semanariolocal.cl\/index.php?rest_route=%2Fwp%2Fv2%2Fcomments&post=30274"}],"version-history":[{"count":2,"href":"https:\/\/www.semanariolocal.cl\/index.php?rest_route=\/wp\/v2\/posts\/30274\/revisions"}],"predecessor-version":[{"id":30277,"href":"https:\/\/www.semanariolocal.cl\/index.php?rest_route=\/wp\/v2\/posts\/30274\/revisions\/30277"}],"wp:featuredmedia":[{"embeddable":true,"href":"https:\/\/www.semanariolocal.cl\/index.php?rest_route=\/wp\/v2\/media\/30275"}],"wp:attachment":[{"href":"https:\/\/www.semanariolocal.cl\/index.php?rest_route=%2Fwp%2Fv2%2Fmedia&parent=30274"}],"wp:term":[{"taxonomy":"category","embeddable":true,"href":"https:\/\/www.semanariolocal.cl\/index.php?rest_route=%2Fwp%2Fv2%2Fcategories&post=30274"},{"taxonomy":"post_tag","embeddable":true,"href":"https:\/\/www.semanariolocal.cl\/index.php?rest_route=%2Fwp%2Fv2%2Ftags&post=30274"}],"curies":[{"name":"wp","href":"https:\/\/api.w.org\/{rel}","templated":true}]}}