{"id":30266,"date":"2025-08-03T10:20:00","date_gmt":"2025-08-03T14:20:00","guid":{"rendered":"https:\/\/www.semanariolocal.cl\/?p=30266"},"modified":"2025-08-03T23:00:55","modified_gmt":"2025-08-04T03:00:55","slug":"exencion-arancelaria-un-respiro-para-el-cobre-chileno","status":"publish","type":"post","link":"https:\/\/www.semanariolocal.cl\/?p=30266","title":{"rendered":"Exenci\u00f3n arancelaria: \u00bfun respiro para el cobre chileno?"},"content":{"rendered":"\n<p><strong><mark style=\"background-color:#abb8c3\" class=\"has-inline-color has-white-color\">03 de Agosto del 2025.-<\/mark><\/strong> Adem\u00e1s de las implicancias econ\u00f3micas, la noticia se da en un contexto geopol\u00edtico cambiante a nivel global, que si bien entrega alivio, obliga a estar con la mirada atenta a las decisiones de la Casa Blanca.<\/p>\n\n\n\n<p>Una tras otra, desde su retorno a la presidencia, Trump ha implementado medidas proteccionistas que han sacudido las din\u00e1micas comerciales globales. En este contexto, la amenaza de un arancel generalizado al cobre chileno parec\u00eda una jugada m\u00e1s en su pol\u00edtica restrictiva. Sin embargo, la decisi\u00f3n final revela una estrategia m\u00e1s sofisticada y con efectos potenciales de largo plazo para nuestro desarrollo.<\/p>\n\n\n\n<p>La exenci\u00f3n exime de aranceles al cobre en su estado primario (c\u00e1todos y concentrados), pero no a los productos con valor agregado, como tuber\u00edas, alambres o componentes manufacturados. La l\u00f3gica parece ser clara: la industria estadounidense, que necesita de nuestro metal rojo para sus sectores de defensa, energ\u00eda y tecnolog\u00eda, presiona para obtener la materia prima sin sobrecostos. Al mismo tiempo, el arancel sobre los productos derivados protege a sus propias f\u00e1bricas de la competencia (chilena y de otros pa\u00edses), incentivando que la industrializaci\u00f3n del cobre ocurra en suelo norteamericano, no en el nuestro. Por tanto, la exenci\u00f3n \u2013si bien representa una buena noticia en lo inmediato\u2013 puede no serlo a largo plazo, puesto que incentivar\u00eda a Chile a comportarse como un proveedor de recursos naturales y no como un socio en la cadena de valor.<\/p>\n\n\n\n<p>La situaci\u00f3n sigue siendo fr\u00e1gil. El anuncio de Trump no implica una garant\u00eda a largo plazo. La constante incertidumbre acerca de las pol\u00edticas comerciales y las decisiones del gobierno estadounidense sobre aranceles, que oscilan entre negociaciones y medidas unilaterales, no se disipan con una \u00fanica exenci\u00f3n. Chile, al igual que otros pa\u00edses latinoamericanos, deber\u00e1 seguir de cerca los movimientos de Washington y ajustar su estrategia econ\u00f3mica en funci\u00f3n de sus objetivos a largo.<\/p>\n\n\n\n<p>La verdadera pregunta ahora es c\u00f3mo Chile puede avanzar para diversificar su econom\u00eda, reforzar sus relaciones comerciales y reducir su dependencia del ciclo de precios de los commodities. Es cierto que en los \u00faltimos a\u00f1os ha habido avances importantes en t\u00e9rminos de diversificaci\u00f3n productiva, pero los desaf\u00edos siguen siendo profundos y complejos. No basta con reaccionar a los movimientos de grandes potencias; es necesario una estrategia proactiva que incluya diversificaci\u00f3n productiva, penetraci\u00f3n y reforzamiento de nuevos mercados de destino, y aceleramiento de la innovaci\u00f3n hacia productos de cobre de alta especializaci\u00f3n y menor sensibilidad arancelaria. Por el momento, la noticia de la exenci\u00f3n arancelaria es un alivio, pero no uno definitivo. El desaf\u00edo no es solo exportar m\u00e1s cobre, sino vender m\u00e1s inteligencia chilena incorporada en este metal.<\/p>\n\n\n\n<p><strong>Cristi\u00e1n Troncoso Valverde &#8211; Instituto de Pol\u00edticas Econ\u00f3micas &#8211; Facultad de Econom\u00eda y Negocios &#8211; UNAB<\/strong><\/p>\n","protected":false},"excerpt":{"rendered":"<p>El reciente anuncio de que Estados Unidos no impondr\u00e1 un arancel al cobre refinado de Chile, la principal exportaci\u00f3n de nuestro pa\u00eds, lleg\u00f3 como un respiro moment\u00e1neo para las autoridades, tras semanas de incertidumbre. <\/p>\n","protected":false},"author":1,"featured_media":30267,"comment_status":"closed","ping_status":"closed","sticky":false,"template":"","format":"standard","meta":{"footnotes":""},"categories":[3,3608,4139,2890,4137,7,4468],"tags":[2118,4544,4079,77,469,4543,337,4542,4545,273,247,133,1925,1822],"class_list":["post-30266","post","type-post","status-publish","format-standard","has-post-thumbnail","hentry","category-al-dia","category-estado","category-exportaciones","category-internacional","category-mercados","category-opinion","category-tendencias","tag-semanariolocal","tag-cobre","tag-cristian-troncoso-valverde","tag-educacion","tag-exportaciones","tag-facultad-de-economia-y-negocios","tag-informacion","tag-instituto-de-politicas-economicas","tag-mercado","tag-noticias","tag-region-de-los-lagos","tag-semanario-local","tag-unab","tag-universidad-andres-bello"],"_links":{"self":[{"href":"https:\/\/www.semanariolocal.cl\/index.php?rest_route=\/wp\/v2\/posts\/30266","targetHints":{"allow":["GET"]}}],"collection":[{"href":"https:\/\/www.semanariolocal.cl\/index.php?rest_route=\/wp\/v2\/posts"}],"about":[{"href":"https:\/\/www.semanariolocal.cl\/index.php?rest_route=\/wp\/v2\/types\/post"}],"author":[{"embeddable":true,"href":"https:\/\/www.semanariolocal.cl\/index.php?rest_route=\/wp\/v2\/users\/1"}],"replies":[{"embeddable":true,"href":"https:\/\/www.semanariolocal.cl\/index.php?rest_route=%2Fwp%2Fv2%2Fcomments&post=30266"}],"version-history":[{"count":1,"href":"https:\/\/www.semanariolocal.cl\/index.php?rest_route=\/wp\/v2\/posts\/30266\/revisions"}],"predecessor-version":[{"id":30268,"href":"https:\/\/www.semanariolocal.cl\/index.php?rest_route=\/wp\/v2\/posts\/30266\/revisions\/30268"}],"wp:featuredmedia":[{"embeddable":true,"href":"https:\/\/www.semanariolocal.cl\/index.php?rest_route=\/wp\/v2\/media\/30267"}],"wp:attachment":[{"href":"https:\/\/www.semanariolocal.cl\/index.php?rest_route=%2Fwp%2Fv2%2Fmedia&parent=30266"}],"wp:term":[{"taxonomy":"category","embeddable":true,"href":"https:\/\/www.semanariolocal.cl\/index.php?rest_route=%2Fwp%2Fv2%2Fcategories&post=30266"},{"taxonomy":"post_tag","embeddable":true,"href":"https:\/\/www.semanariolocal.cl\/index.php?rest_route=%2Fwp%2Fv2%2Ftags&post=30266"}],"curies":[{"name":"wp","href":"https:\/\/api.w.org\/{rel}","templated":true}]}}