{"id":30262,"date":"2025-08-03T11:00:00","date_gmt":"2025-08-03T15:00:00","guid":{"rendered":"https:\/\/www.semanariolocal.cl\/?p=30262"},"modified":"2025-08-03T22:50:47","modified_gmt":"2025-08-04T02:50:47","slug":"lactancia-materna-construir-apoyos-sostenibles-es-tarea-de-todos","status":"publish","type":"post","link":"https:\/\/www.semanariolocal.cl\/?p=30262","title":{"rendered":"Lactancia Materna: Construir apoyos sostenibles es tarea de todos"},"content":{"rendered":"\n<p><strong><mark style=\"background-color:#abb8c3\" class=\"has-inline-color has-white-color\">03 de Agosto del 2025.-<\/mark><\/strong>  Este hito global busca reconocer la lactancia como una base s\u00f3lida para la salud, el desarrollo y la equidad a lo largo de la vida.<\/p>\n\n\n\n<p>En este contexto, el comit\u00e9 de lactancia materna del Hospital Base San Jos\u00e9 Osorno, ha preparado diversas actividades con el objetivo de visibilizar el trabajo de sus equipos en cada uno de los servicios tanto en atenci\u00f3n abierta como cerrada y los desaf\u00edos actuales del fomento de la lactancia materna, bajo el lema \u201cConstruyendo sistemas de apoyo sostenibles\u201d. Esta consigna local busca relevar el rol institucional en la creaci\u00f3n de entornos protectores, informados y acompa\u00f1antes para madres, padres beb\u00e9s y familias.<\/p>\n\n\n\n<p>Entre las acciones m\u00e1s destacadas, se encuentra el trabajo de la Cl\u00ednica de Lactancia del hospital, que orienta a las madres desde el nacimiento de sus hijos, resolviendo dudas, ofreciendo educaci\u00f3n y derivando oportunamente a los distintos CESFAM para asegurar continuidad en el acompa\u00f1amiento. Adem\u00e1s, las nutricionistas asociadas a los distintos Centros de Responsabilidad, entregan apoyo espec\u00edfico frente a dificultades en el proceso de lactancia.<\/p>\n\n\n\n<p>En servicios como pediatr\u00eda, UCI pedi\u00e1trica y neonatolog\u00eda, se incentiva el uso de la leche materna como principal fuente de alimentaci\u00f3n, entregando herramientas que permitan a las madres continuar con la lactancia incluso ante diagn\u00f3sticos complejos. Se suma a ello, el acompa\u00f1amiento psicosocial realizado por personal capacitado, con el objetivo de empoderar a cada mujer con la informaci\u00f3n y el respaldo que necesita. Por su parte, el SEDILE realiza un rol clave mediante la gesti\u00f3n del banco de leche humana: madres hospitalizadas o ambulatorias pueden extraer su leche, la cual es procesada y posteriormente entregada a sus hijos internados.<\/p>\n\n\n\n<p>La Organizaci\u00f3n Mundial de la Salud ha sostenido que el fomento de la lactancia materna no s\u00f3lo es una acci\u00f3n de salud p\u00fablica, sino tambi\u00e9n, una inversi\u00f3n inteligente: reduce costos en salud, fortalece el desarrollo infantil, mejora indicadores nutricionales y estimula la econom\u00eda familiar y comunitaria (OMS, 2024).<\/p>\n\n\n\n<p>Pese a todos estos avances, no podemos ignorar una realidad frecuente: muchas mujeres enfrentan el inicio de la lactancia en completa soledad, sin redes familiares o comunitarias que las contengan. La falta de apoyo emocional, de acompa\u00f1amiento continuo o de tiempos protegidos puede transformar un acto natural en una experiencia abrumadora. La evidencia cient\u00edfica y el desarrollo humano nos invitan a ser parte del proceso: apoyar, acompa\u00f1ar y entregar herramientas concretas para que ninguna madre se sienta sola. Porque cuando una comunidad apoya la lactancia, no s\u00f3lo crece un ni\u00f1o, crece una sociedad entera.<\/p>\n\n\n\n<p><strong>\u00c1ngela Berthet<\/strong> &#8211; <strong>Enfermera Pediatr\u00eda HBSJO<\/strong> &#8211; <strong>Comit\u00e9 Lactancia Materna<\/strong><\/p>\n","protected":false},"excerpt":{"rendered":"<p>Entre el 1 y el 7 de agosto se conmemora la Semana Mundial de la Lactancia Materna, impulsada por la Organizaci\u00f3n Mundial de la Salud (OMS), UNICEF, ministerios de salud y m\u00faltiples actores de la sociedad civil.<\/p>\n","protected":false},"author":1,"featured_media":30263,"comment_status":"closed","ping_status":"closed","sticky":false,"template":"","format":"standard","meta":{"footnotes":""},"categories":[4411,4396,4161,3750,4390,4192,3842,4401,2484,4346],"tags":[2118,4539,4540,1960,337,273,132,4541,247,133],"class_list":["post-30262","post","type-post","status-publish","format-standard","has-post-thumbnail","hentry","category-desarrollo-personal","category-especialista","category-familia","category-mujer-y-belleza","category-nutricion-y-alimentacion","category-politica-social","category-politicas-publicas","category-primera-infancia","category-salud","category-vida-sana","tag-semanariolocal","tag-angela-berthet","tag-angela-berthet-2","tag-hospital-base-de-osorno","tag-informacion","tag-noticias","tag-osorno","tag-pediatria","tag-region-de-los-lagos","tag-semanario-local"],"_links":{"self":[{"href":"https:\/\/www.semanariolocal.cl\/index.php?rest_route=\/wp\/v2\/posts\/30262","targetHints":{"allow":["GET"]}}],"collection":[{"href":"https:\/\/www.semanariolocal.cl\/index.php?rest_route=\/wp\/v2\/posts"}],"about":[{"href":"https:\/\/www.semanariolocal.cl\/index.php?rest_route=\/wp\/v2\/types\/post"}],"author":[{"embeddable":true,"href":"https:\/\/www.semanariolocal.cl\/index.php?rest_route=\/wp\/v2\/users\/1"}],"replies":[{"embeddable":true,"href":"https:\/\/www.semanariolocal.cl\/index.php?rest_route=%2Fwp%2Fv2%2Fcomments&post=30262"}],"version-history":[{"count":2,"href":"https:\/\/www.semanariolocal.cl\/index.php?rest_route=\/wp\/v2\/posts\/30262\/revisions"}],"predecessor-version":[{"id":30265,"href":"https:\/\/www.semanariolocal.cl\/index.php?rest_route=\/wp\/v2\/posts\/30262\/revisions\/30265"}],"wp:featuredmedia":[{"embeddable":true,"href":"https:\/\/www.semanariolocal.cl\/index.php?rest_route=\/wp\/v2\/media\/30263"}],"wp:attachment":[{"href":"https:\/\/www.semanariolocal.cl\/index.php?rest_route=%2Fwp%2Fv2%2Fmedia&parent=30262"}],"wp:term":[{"taxonomy":"category","embeddable":true,"href":"https:\/\/www.semanariolocal.cl\/index.php?rest_route=%2Fwp%2Fv2%2Fcategories&post=30262"},{"taxonomy":"post_tag","embeddable":true,"href":"https:\/\/www.semanariolocal.cl\/index.php?rest_route=%2Fwp%2Fv2%2Ftags&post=30262"}],"curies":[{"name":"wp","href":"https:\/\/api.w.org\/{rel}","templated":true}]}}