{"id":30256,"date":"2025-08-03T11:30:00","date_gmt":"2025-08-03T15:30:00","guid":{"rendered":"https:\/\/www.semanariolocal.cl\/?p=30256"},"modified":"2025-08-03T22:20:15","modified_gmt":"2025-08-04T02:20:15","slug":"una-economia-para-el-bicentenario-transformacion-productiva-con-identidad-chilota","status":"publish","type":"post","link":"https:\/\/www.semanariolocal.cl\/?p=30256","title":{"rendered":"Una econom\u00eda para el bicentenario: transformaci\u00f3n productiva con identidad chilota"},"content":{"rendered":"\n<p><strong><mark style=\"background-color:#abb8c3\" class=\"has-inline-color has-white-color\">03 de Agosto del 2025.- <\/mark><\/strong>Lejos de ser un mero hito hist\u00f3rico, la anexi\u00f3n del Archipi\u00e9lago represent\u00f3 un momento fundacional para la construcci\u00f3n del pa\u00eds: un encuentro entre lo insular y lo continental, entre identidades diversas que dieron forma a la naci\u00f3n que hoy habitamos.<\/p>\n\n\n\n<p>El bicentenario de Chilo\u00e9 no solo honra ese pasado, sino que tambi\u00e9n proyecta su futuro. Bajo el liderazgo del presidente Gabriel Boric, esta conmemoraci\u00f3n se transforma en una oportunidad estrat\u00e9gica para consolidar un desarrollo con identidad, justicia territorial y sostenibilidad. Desde decisiones pol\u00edticas de construir una doble v\u00eda para el archipi\u00e9lago, pasando por los compromisos que cada ministerio ha establecido con programas y planes de inversi\u00f3n articulado en conjunto con los 10 municipios, es una muestra honesta para honrar la historia con acciones concretas.<\/p>\n\n\n\n<p>En particular, el Ministerio de Econom\u00eda ha asumido un compromiso transformador. Este Plan Bicentenario ha sido construido desde el territorio y con sus actores locales, despliega m\u00e1s de 30 programas que abarcan turismo sostenible, innovaci\u00f3n, pesca artesanal, fomento productivo y asociatividad. Este plan no solo responde a las brechas hist\u00f3ricas de la provincia, sino que sienta las bases para un modelo econ\u00f3mico inclusivo y resiliente, profundamente enraizado en la identidad chilota.<\/p>\n\n\n\n<p>Los programas impulsados por el Ministerio de Econom\u00eda apuntan a la creaci\u00f3n de un verdadero ecosistema de emprendimiento e innovaci\u00f3n para Chilo\u00e9. Iniciativas como el PTI de Turismo Sostenible, el apoyo a la acuicultura de peque\u00f1a escala, la pesca artesanal y las l\u00edneas de financiamiento para proyectos verdes, permiten articular capacidades locales, conocimiento tradicional y tecnolog\u00eda en funci\u00f3n de un desarrollo con rostro humano.<\/p>\n\n\n\n<p>&nbsp;De esta forma, el bicentenario no ser\u00e1 solo una conmemoraci\u00f3n, sino tambi\u00e9n el punto de partida para una econom\u00eda chilota m\u00e1s sustentable, diversificada y preparada para los desaf\u00edos del siglo XXI.<\/p>\n\n\n\n<p>A 200 a\u00f1os de la anexi\u00f3n, Chilo\u00e9 reafirma su rol estrat\u00e9gico como articulador del sur austral, como reserva cultural y natural del pa\u00eds, y como territorio de futuro. La memoria se vuelve presente, y desde ese presente, trazamos un horizonte com\u00fan.<\/p>\n\n\n\n<p><strong>Luis C\u00e1rdenas Mayorga &#8211; Seremi de Econom\u00eda Regi\u00f3n de los Lagos<\/strong><\/p>\n","protected":false},"excerpt":{"rendered":"<p>Este 2026 conmemoramos 200 a\u00f1os de la incorporaci\u00f3n de Chilo\u00e9 a la Rep\u00fablica de Chile mediante el Tratado de Tantauco. <\/p>\n","protected":false},"author":1,"featured_media":30257,"comment_status":"closed","ping_status":"closed","sticky":false,"template":"","format":"standard","meta":{"footnotes":""},"categories":[4422,12,9,4419],"tags":[2118,337,273,1093,247,133],"class_list":["post-30256","post","type-post","status-publish","format-standard","has-post-thumbnail","hentry","category-chiloe","category-economia","category-gobierno","category-gobierno-regional","tag-semanariolocal","tag-informacion","tag-noticias","tag-opinion-2","tag-region-de-los-lagos","tag-semanario-local"],"_links":{"self":[{"href":"https:\/\/www.semanariolocal.cl\/index.php?rest_route=\/wp\/v2\/posts\/30256","targetHints":{"allow":["GET"]}}],"collection":[{"href":"https:\/\/www.semanariolocal.cl\/index.php?rest_route=\/wp\/v2\/posts"}],"about":[{"href":"https:\/\/www.semanariolocal.cl\/index.php?rest_route=\/wp\/v2\/types\/post"}],"author":[{"embeddable":true,"href":"https:\/\/www.semanariolocal.cl\/index.php?rest_route=\/wp\/v2\/users\/1"}],"replies":[{"embeddable":true,"href":"https:\/\/www.semanariolocal.cl\/index.php?rest_route=%2Fwp%2Fv2%2Fcomments&post=30256"}],"version-history":[{"count":1,"href":"https:\/\/www.semanariolocal.cl\/index.php?rest_route=\/wp\/v2\/posts\/30256\/revisions"}],"predecessor-version":[{"id":30258,"href":"https:\/\/www.semanariolocal.cl\/index.php?rest_route=\/wp\/v2\/posts\/30256\/revisions\/30258"}],"wp:featuredmedia":[{"embeddable":true,"href":"https:\/\/www.semanariolocal.cl\/index.php?rest_route=\/wp\/v2\/media\/30257"}],"wp:attachment":[{"href":"https:\/\/www.semanariolocal.cl\/index.php?rest_route=%2Fwp%2Fv2%2Fmedia&parent=30256"}],"wp:term":[{"taxonomy":"category","embeddable":true,"href":"https:\/\/www.semanariolocal.cl\/index.php?rest_route=%2Fwp%2Fv2%2Fcategories&post=30256"},{"taxonomy":"post_tag","embeddable":true,"href":"https:\/\/www.semanariolocal.cl\/index.php?rest_route=%2Fwp%2Fv2%2Ftags&post=30256"}],"curies":[{"name":"wp","href":"https:\/\/api.w.org\/{rel}","templated":true}]}}