{"id":30253,"date":"2025-08-03T11:50:00","date_gmt":"2025-08-03T15:50:00","guid":{"rendered":"https:\/\/www.semanariolocal.cl\/?p=30253"},"modified":"2025-08-03T22:07:31","modified_gmt":"2025-08-04T02:07:31","slug":"ninos-autistas-prisioneros-de-su-propio-mundo","status":"publish","type":"post","link":"https:\/\/www.semanariolocal.cl\/?p=30253","title":{"rendered":"Ni\u00f1os autistas: prisioneros de su propio mundo."},"content":{"rendered":"\n<p><strong><mark style=\"background-color:#abb8c3\" class=\"has-inline-color has-white-color\">03 de Agosto del 2025.-<\/mark><\/strong> Hoy en d\u00eda, el autismo no es considerado como un diagn\u00f3stico \u00fanico, sino que hace referencia a un conjunto de<strong> \u201ctrastornos del espectro autista\u201d (TEA)<\/strong> que tienen en com\u00fan un cierto grado de alteraci\u00f3n en tres \u00e1reas de la conducta humana: (a) d\u00e9ficit en el \u00e1mbito de la interacci\u00f3n social,\u00a0 (b) problemas de comunicaci\u00f3n con su entorno cercano, y (c) un repertorio anormalmente restringido de conductas e intereses.<\/p>\n\n\n\n<p>Las cifras de ni\u00f1os afectados por el autismo var\u00edan de un estudio a otro. La Organizaci\u00f3n Mundial de la Salud (OMS), por ejemplo, estima que alrededor de uno de cada 100 ni\u00f1os presenta autismo, en tanto que un estudio realizado en nuestro pa\u00eds indica que uno de cada 51 ni\u00f1os estar\u00eda afectado. Ahora bien, las capacidades y necesidades de los autistas var\u00edan de un individuo a otro y pueden evolucionar con el paso del tiempo, a ra\u00edz de lo cual, algunas personas con autismo pueden vivir de manera bastante independiente, en tanto que hay otros con graves trastornos \u2013la OMS habla de <strong>\u201cdiscapacidades graves\u201d<\/strong>\u2013 que necesitar\u00e1n constante atenci\u00f3n durante toda su&nbsp; vida.<\/p>\n\n\n\n<p>En relaci\u00f3n con estos casos, se trata de ni\u00f1os que est\u00e1n <strong>\u201cencerrados en s\u00ed mismos\u201d<\/strong> y que viven desconectados de la realidad como si estuvieran prisioneros de su propio mundo. Dan una falsa imagen hacia fuera de que fueran ni\u00f1os con deficiencia mental \u2013algo que est\u00e1 equivocado\u2013 y desde peque\u00f1os rechazan las caricias de sus padres.<\/p>\n\n\n\n<p>Son ni\u00f1os que no hablan, que parecen no escuchar y que evitan el contacto f\u00edsico con las personas de su entorno familiar. Entregan la impresi\u00f3n de ser los due\u00f1os de un universo que solo les pertenece a ellos, donde no hay cabida para nadie m\u00e1s. Parecieran ser v\u00edctimas de un <strong>\u201cerror de la naturaleza\u201d<\/strong>, qued\u00e1ndose marginados, ajenos a la familia y ausentes de la realidad que los rodea. No comparten juegos ni interact\u00faan con otros ni\u00f1os. Algunos de ellos, incluso, parecen no dormir nunca. Al respecto de este <strong>\u201cerror de la naturaleza\u201d,<\/strong> lo que sucede con estos ni\u00f1os, es que tienen un <strong>\u201csistema operativo y perceptivo\u201d<\/strong> que es distinto al resto de las personas consideradas <strong>\u201cnormales\u201d<\/strong>.<\/p>\n\n\n\n<p>Una madre relata que su hijo <strong>\u201cpareciera caminar entre sombras\u201d<\/strong>, al tratar de definir&nbsp; su conducta, agregando que <strong>\u201cvive en su propio mundo al que no se me permite acceder\u201d<\/strong>. Hay otros ni\u00f1os(as) que nunca responden a lo que se les dice o pregunta, que tienden a gritar de manera recurrente, que se balancean interminablemente, que permanecen en constante actividad, que se quedan mirando fijamente un objeto durante horas, que caminan en la punta de los pies, o que tratan de hacerse da\u00f1o a ellos mismos mordi\u00e9ndose o golpe\u00e1ndose la cabeza contra las paredes.<\/p>\n\n\n\n<p>Este tipo de conductas pueden ser indicadores de la presencia de autismo, es decir, un trastorno del desarrollo infantil que puede \u2013en algunos casos\u2013 prolongarse durante toda la vida y que se manifiesta en los primeros tres a\u00f1os de vida del infante.<\/p>\n\n\n\n<p>El diagn\u00f3stico no es f\u00e1cil, as\u00ed como tampoco lo es su tratamiento, algo que depender\u00e1 de la gravedad de los trastornos de conducta que muestre el menor afectado. En este sentido, los padres de estos menores pueden vivir un largo peregrinaje de especialista en especialista en la b\u00fasqueda de una respuesta al trastorno que afecta al hijo(a).<\/p>\n\n\n\n<p>La explicaci\u00f3n a esta realidad es simple de comprender: al nacer, los ni\u00f1os autistas parecen normales, sin embargo, a medida que crecen se advierten ciertos <strong>\u201cdetalles\u201d<\/strong> que indican que hay algo extra\u00f1o y que hay cosas que no est\u00e1n acordes con el desarrollo normal de los ni\u00f1os: no responden a las sonrisas, no hacen ninguno de los sonidos que hacen otros ni\u00f1os y parece no importarles si los toman o no en brazos.<\/p>\n\n\n\n<p>Al pasar el tiempo, las diferencias se hacen cada vez m\u00e1s notorias. Mientras otros ni\u00f1os siguen a sus madres por donde ellas van y buscan meter sus manitas en todas partes, los ni\u00f1os autistas prefieren estar solos y, generalmente, se interesan en un solo objeto con el que repiten, una y otra vez, una misma acci\u00f3n. Y si alguien intenta alterar su rutina, reaccionan violentamente, rompiendo objetos o golpe\u00e1ndose a s\u00ed mismos.<\/p>\n\n\n\n<p>Algunos otros ni\u00f1os duermen mal y deambulan por la casa durante la noche o se resisten a que los vistan, porque les molesta que los toquen. Ciertos ni\u00f1os parecen ser sordos, sin serlos,&nbsp; evitando responder a los est\u00edmulos a los que son sometidos, o bien, reaccionan asustados ante ruidos fuertes, o se fascinan con el sonido que hace un papel al arrugarse. Lo que ven, les puede resultar tan confuso como lo que oyen.<\/p>\n\n\n\n<p>Hay ni\u00f1os que se entusiasman con los objetos brillantes, hay otros que se molestan con las luces muy fuertes o miran un objeto s\u00f3lo cuando \u00e9ste se mueve. Son tantas las manifestaciones del autismo, que resulta algo dif\u00edcil tratar de enumerarlas todas, ya que depende, asimismo, del grado de trastorno que presenta cada caso.<\/p>\n\n\n\n<p>Un padre relata que comenz\u00f3 a darse cuenta que algo no <strong>\u201ccuadraba\u201d<\/strong> con su hijo al advertir que no lo miraba a los ojos, que no fijaba la vista ni respond\u00eda cuando lo llamaba, momento en que comenz\u00f3 su calvario, buscando desesperadamente que alguien le dijera qu\u00e9 era lo que pasaba con su hijo. Ahora lo sabe, y aun cuando ya han pasado m\u00e1s de cuatro a\u00f1os de intentos y de diversos tratamientos, \u00e9l se\u00f1ala que <strong>\u201cno ha logrado conquistar a su \u00fanico hijo\u201d<\/strong>, agregando con tristeza que <strong>\u201cmi hijo me rechaza, pese a que lo \u00fanico que le entrego es amor\u201d<\/strong>.<\/p>\n\n\n\n<p>De acuerdo con los expertos, los trastornos del espectro autista no tendr\u00edan una \u00fanica causa conocida, ya que dada su complejidad es muy probable que haya muchas causas, donde la variable gen\u00e9tica y el medio ambiente podr\u00edan estar ejerciendo influencia. En relaci\u00f3n con la gen\u00e9tica se ha determinado que varios genes diferentes parecieran relacionarse con el autismo, donde algunas mutaciones gen\u00e9ticas parecen heredarse y otras suceden de manera espont\u00e1nea. En relaci\u00f3n con los factores ambientales, los investigadores estudian si factores como las infecciones virales, los medicamentos, las complicaciones durante el embarazo o los contaminantes del aire y\/o alimentos desempe\u00f1an un papel en el desencadenamiento del trastorno del espectro autista.<\/p>\n\n\n\n<p>De lo anterior se desprende la necesidad urgente de <strong>\u201cinformar y educar\u201d<\/strong> a los padres al respecto de este trastorno, ya que en la medida que se familiaricen con los m\u00e9todos, terapias y t\u00e9cnicas existentes para tratar a estos ni\u00f1os, el m\u00e1s beneficiado ser\u00e1, justamente, el ni\u00f1o. La m\u00e1xima aspiraci\u00f3n ser\u00eda crear <strong>\u201cescuelas o centros especiales para padres de hijos autistas\u201d<\/strong>. Esperemos que eso se logre alguna vez.<\/p>\n\n\n\n<p><strong>Dr. Franco Lotito C.\u00a0 \u2013\u00a0 <a href=\"http:\/\/www.aurigaservicios.cl\">www.aurigaservicios.cl<\/a> &#8211; Acad\u00e9mico, escritor e investigador (PUC)<\/strong><\/p>\n\n\n\n<p><\/p>\n","protected":false},"excerpt":{"rendered":"<p>El autismo, tambi\u00e9n conocido como trastorno del espectro autista (TEA), es una condici\u00f3n del neurodesarrollo que afecta la forma en que una persona interact\u00faa y se comunica con los dem\u00e1s, as\u00ed como su forma de procesar la informaci\u00f3n sensorial.<\/p>\n","protected":false},"author":1,"featured_media":30254,"comment_status":"closed","ping_status":"closed","sticky":false,"template":"","format":"standard","meta":{"footnotes":""},"categories":[3,4161,7,3265,2484],"tags":[2118,3745,337,273,247,133],"class_list":["post-30253","post","type-post","status-publish","format-standard","has-post-thumbnail","hentry","category-al-dia","category-familia","category-opinion","category-psicologia","category-salud","tag-semanariolocal","tag-dr-franco-lotito-catino","tag-informacion","tag-noticias","tag-region-de-los-lagos","tag-semanario-local"],"_links":{"self":[{"href":"https:\/\/www.semanariolocal.cl\/index.php?rest_route=\/wp\/v2\/posts\/30253","targetHints":{"allow":["GET"]}}],"collection":[{"href":"https:\/\/www.semanariolocal.cl\/index.php?rest_route=\/wp\/v2\/posts"}],"about":[{"href":"https:\/\/www.semanariolocal.cl\/index.php?rest_route=\/wp\/v2\/types\/post"}],"author":[{"embeddable":true,"href":"https:\/\/www.semanariolocal.cl\/index.php?rest_route=\/wp\/v2\/users\/1"}],"replies":[{"embeddable":true,"href":"https:\/\/www.semanariolocal.cl\/index.php?rest_route=%2Fwp%2Fv2%2Fcomments&post=30253"}],"version-history":[{"count":1,"href":"https:\/\/www.semanariolocal.cl\/index.php?rest_route=\/wp\/v2\/posts\/30253\/revisions"}],"predecessor-version":[{"id":30255,"href":"https:\/\/www.semanariolocal.cl\/index.php?rest_route=\/wp\/v2\/posts\/30253\/revisions\/30255"}],"wp:featuredmedia":[{"embeddable":true,"href":"https:\/\/www.semanariolocal.cl\/index.php?rest_route=\/wp\/v2\/media\/30254"}],"wp:attachment":[{"href":"https:\/\/www.semanariolocal.cl\/index.php?rest_route=%2Fwp%2Fv2%2Fmedia&parent=30253"}],"wp:term":[{"taxonomy":"category","embeddable":true,"href":"https:\/\/www.semanariolocal.cl\/index.php?rest_route=%2Fwp%2Fv2%2Fcategories&post=30253"},{"taxonomy":"post_tag","embeddable":true,"href":"https:\/\/www.semanariolocal.cl\/index.php?rest_route=%2Fwp%2Fv2%2Ftags&post=30253"}],"curies":[{"name":"wp","href":"https:\/\/api.w.org\/{rel}","templated":true}]}}