{"id":30200,"date":"2025-07-29T08:40:00","date_gmt":"2025-07-29T12:40:00","guid":{"rendered":"https:\/\/www.semanariolocal.cl\/?p=30200"},"modified":"2025-07-29T22:55:31","modified_gmt":"2025-07-30T02:55:31","slug":"senador-espinoza-valoro-apertura-de-licitacion-para-servicio-maritimo-en-huapi-abtao","status":"publish","type":"post","link":"https:\/\/www.semanariolocal.cl\/?p=30200","title":{"rendered":"Senador Espinoza valor\u00f3 apertura de licitaci\u00f3n para servicio mar\u00edtimo en Huapi-Abtao"},"content":{"rendered":"\n<p><strong><mark style=\"background-color:#abb8c3\" class=\"has-inline-color has-white-color\">29 de julio del 2025.- <\/mark><\/strong>Hoy martes, se public\u00f3 en el Diario Oficial la licitaci\u00f3n p\u00fablica del servicio mar\u00edtimo subsidiado para la isla de Huapi Abtao en el archipi\u00e9lago de Calbuco, compromiso asumido por el senador (PS) Fidel Espinoza tras diversas reuniones junto a la comunidad y gestiones con el Ministerio de Transportes y Telecomunicaciones.<\/p>\n\n\n\n<p>\u201c<em>Hicimos varios viajes. Este trabajo lo comenzamos en la administraci\u00f3n del exalcalde de Calbuco Francisco Calbucoy, y lo vamos a terminar con el actual alcalde, porque somos un equipo de trabajo que cumple sus compromisos con la comunidad. La comunidad de Huapi Abtao siempre nos manifest\u00f3 poder trabajar este tema tan importante, que significa poder contar con un servicio subvencionado de transporte mar\u00edtimo que permita acercar a la comunidad hacia el centro urbano de Calbuco<\/em>\u201d, record\u00f3 el parlamentario.<\/p>\n\n\n\n<p>El senador asegur\u00f3 que \u201c<em>eso se est\u00e1 logrando, y quiero darle infinitas gracias al Ministerio de Transportes y en particular a su subsecretario, a quien llevamos justamente a la isla a una reuni\u00f3n con la comunidad, junto a su equipo ministerial y al seremi de Transportes Pablo Joost. Logramos conseguir estos recursos que van a lograr ser de mucho avance y mejoramiento de la calidad de vida de toda la gente de Huapi Abtao<\/em>\u201d.<\/p>\n\n\n\n<p>\u201c<em>Como senador de la Rep\u00fablica, me siento feliz de estar cumpliendo este objetivo tan importante. Estas son las cosas que acercan a la pol\u00edtica con la ciudadan\u00eda. Con esta licitaci\u00f3n, que es justamente la puesta en el diario oficial de este hecho tan relevante, estamos cumpliendo con la comunidad y eso me llena de satisfacci\u00f3n<\/em>\u201d, expres\u00f3 el parlamentario.<\/p>\n\n\n\n<p>El senador finaliz\u00f3 se\u00f1alando que \u201c<em>es uno m\u00e1s de los importantes trabajos que hemos desarrollado con el Ministerio de Transportes en Calbuco y las islas, y quiero valorar tambi\u00e9n el compromiso de los dirigentes que han confiado en nuestro trabajo. Un trabajo silencioso, pero que claramente llega con resultados positivos a la comunidad. Lo hacemos d\u00eda a d\u00eda consiguiendo m\u00e1s kil\u00f3metros de asfalto en los sectores rurales; conectividad para nuestras islas y para su gente, m\u00e1s campos deportivos para que el flagelo de la droga no penetre en nuestras poblaciones. Lo hemos hecho con muchas materias, y estamos muy orgullosos de ese trabajo<\/em>\u201d.<\/p>\n\n\n\n<p><\/p>\n","protected":false},"excerpt":{"rendered":"<p>Iniciativa busca garantizar una conectividad segura, regular y de buen est\u00e1ndar para<br \/>\ncomunidades hist\u00f3ricamente postergadas,subsidiando  la ruta Huapi Abtao \u2013 Punta Auco \u2013 Chayahu\u00e9, en la comuna de Calbuco.<\/p>\n","protected":false},"author":1,"featured_media":30201,"comment_status":"closed","ping_status":"closed","sticky":false,"template":"","format":"standard","meta":{"footnotes":""},"categories":[3,4422,8,3816,6,2483],"tags":[2118,4531,4529,337,273,247,133],"class_list":["post-30200","post","type-post","status-publish","format-standard","has-post-thumbnail","hentry","category-al-dia","category-chiloe","category-comunas","category-partidos-politicos","category-politica","category-region","tag-semanariolocal","tag-abatao","tag-chiole","tag-informacion","tag-noticias","tag-region-de-los-lagos","tag-semanario-local"],"_links":{"self":[{"href":"https:\/\/www.semanariolocal.cl\/index.php?rest_route=\/wp\/v2\/posts\/30200","targetHints":{"allow":["GET"]}}],"collection":[{"href":"https:\/\/www.semanariolocal.cl\/index.php?rest_route=\/wp\/v2\/posts"}],"about":[{"href":"https:\/\/www.semanariolocal.cl\/index.php?rest_route=\/wp\/v2\/types\/post"}],"author":[{"embeddable":true,"href":"https:\/\/www.semanariolocal.cl\/index.php?rest_route=\/wp\/v2\/users\/1"}],"replies":[{"embeddable":true,"href":"https:\/\/www.semanariolocal.cl\/index.php?rest_route=%2Fwp%2Fv2%2Fcomments&post=30200"}],"version-history":[{"count":1,"href":"https:\/\/www.semanariolocal.cl\/index.php?rest_route=\/wp\/v2\/posts\/30200\/revisions"}],"predecessor-version":[{"id":30202,"href":"https:\/\/www.semanariolocal.cl\/index.php?rest_route=\/wp\/v2\/posts\/30200\/revisions\/30202"}],"wp:featuredmedia":[{"embeddable":true,"href":"https:\/\/www.semanariolocal.cl\/index.php?rest_route=\/wp\/v2\/media\/30201"}],"wp:attachment":[{"href":"https:\/\/www.semanariolocal.cl\/index.php?rest_route=%2Fwp%2Fv2%2Fmedia&parent=30200"}],"wp:term":[{"taxonomy":"category","embeddable":true,"href":"https:\/\/www.semanariolocal.cl\/index.php?rest_route=%2Fwp%2Fv2%2Fcategories&post=30200"},{"taxonomy":"post_tag","embeddable":true,"href":"https:\/\/www.semanariolocal.cl\/index.php?rest_route=%2Fwp%2Fv2%2Ftags&post=30200"}],"curies":[{"name":"wp","href":"https:\/\/api.w.org\/{rel}","templated":true}]}}