{"id":30174,"date":"2025-07-27T11:30:00","date_gmt":"2025-07-27T15:30:00","guid":{"rendered":"https:\/\/www.semanariolocal.cl\/?p=30174"},"modified":"2025-07-28T22:26:55","modified_gmt":"2025-07-29T02:26:55","slug":"el-deficit-atencional-en-la-frontera-de-nuestros-sentidos","status":"publish","type":"post","link":"https:\/\/www.semanariolocal.cl\/?p=30174","title":{"rendered":"El d\u00e9ficit atencional: en la frontera de nuestros sentidos"},"content":{"rendered":"\n<p><strong><mark style=\"background-color:#abb8c3\" class=\"has-inline-color has-white-color\">27 de julio del 2025.- <\/mark><\/strong> \u00bfY por qu\u00e9 es importante reconsiderar el TDAH como una condici\u00f3n neurodiversa, en vez de neuropatol\u00f3gica? Algunos estudios han dado cuenta que las caracter\u00edsticas gen\u00e9ticas de las personas con TDAH son m\u00e1s recurrentes en la poblaci\u00f3n humana de lo que pensamos, es decir, se conserva esta caracter\u00edstica en la poblaci\u00f3n y desde ah\u00ed surge la pregunta \u00bfPor qu\u00e9? Posiblemente la respuesta, en parte, tiene relaci\u00f3n con el hecho de que las personas que presentan esta caracter\u00edstica, a trav\u00e9s de la evoluci\u00f3n, durante miles de a\u00f1os, han cumplido con un rol. Posiblemente un rol exploratorio, o de alerta, pero como sea, ha tenido una utilidad que hoy en d\u00eda se ha visto mermada por las condiciones que la sociedad actual, sedentaria y altamente estructurada, ha determinado que es lo que hoy observamos, por ejemplo, en las aulas de las escuelas y los habituales espacios en los que convivimos, regularmente cerrados y peque\u00f1os. En estos espacios es dif\u00edcil desplegar esta cualidad, que podemos llamar de dispersi\u00f3n atencional, en vez de d\u00e9ficit atencional.<\/p>\n\n\n\n<p>Es m\u00e1s, cuando un ni\u00f1o o adulto puede desplegar con tranquilidad y seguridad esta dispersi\u00f3n atencional, estoy muy seguro de que esto se convierte en una apreciaci\u00f3n trascendental: el mundo, todo el mundo es interesante, pues \u201ctodo me llama la atenci\u00f3n\u201d y en estas circunstancias es dif\u00edcil aburrirse. Una persona con TDAH se impregna del mundo circundante, y si es posible disfruta los detalles flotantes alrededor de \u00e9l o ella.<\/p>\n\n\n\n<p>Lamentablemente nuestra sociedad se ha desarrollado en direcci\u00f3n a la alta predictibilidad, con tareas estructuradas y espacios que no facilitan la exploraci\u00f3n sino la optimizaci\u00f3n de un recurso que hoy en d\u00eda es limitado: el espacio que habitamos. Como resultado, y seg\u00fan indican algunos estudios, pasamos m\u00e1s del 90% del tiempo en lugares cerrados, un entorno inadecuado para personas con TDAH y, por si fuera poco, se busca adecuar a los ni\u00f1os a estas condiciones sin velar por su propias necesidades y caracter\u00edsticas, lo que implica que muchas veces terminan siendo catalogados como ni\u00f1os problemas, tratados medicamente, estrategia cl\u00ednica que debiera ser la excepci\u00f3n y no la regla.<\/p>\n\n\n\n<p>Es cierto, en algunas circunstancias es necesario mantener la atenci\u00f3n sostenida sobre las actividades que estamos haciendo y, en cierta manera, \u201ceducar o entrenar\u201d nuestra atenci\u00f3n para la realizaci\u00f3n de ciertas tareas. Pero no quitemos a ni\u00f1os y adultos la posibilidad de disfrutar de su dispersi\u00f3n atencional, porque esta virtud nos permite atender, en un amplio espectro, a un mundo extraordinariamente bello e interesante, expuesto a nuestros sentidos, y como dice Saramago: si puedes mirar, ve; si puedes ver, repara. Cuando hay dispersi\u00f3n atencional, reparamos en todo el mundo circundante. No nos aburrimos.<\/p>\n\n\n\n<p><strong>V\u00edctor Ojeda Pacheco, docente de la carrera de Psicolog\u00eda de la Universidad Santo Tom\u00e1s Puerto Montt.<\/strong><\/p>\n","protected":false},"excerpt":{"rendered":"<p>El pasado 13 de julio correspondi\u00f3 celebrar el D\u00eda Internacional del D\u00e9ficit Atencional e Hiperactividad (TDAH), una condici\u00f3n que hoy es visibilizada como parte del espectro de la neurodiversidad. <\/p>\n","protected":false},"author":1,"featured_media":30175,"comment_status":"closed","ping_status":"closed","sticky":false,"template":"","format":"standard","meta":{"footnotes":""},"categories":[3,4524,11,3265,4346],"tags":[2118,2126,337,273,247,133,373,922],"class_list":["post-30174","post","type-post","status-publish","format-standard","has-post-thumbnail","hentry","category-al-dia","category-docencia","category-educacion","category-psicologia","category-vida-sana","tag-semanariolocal","tag-docente","tag-informacion","tag-noticias","tag-region-de-los-lagos","tag-semanario-local","tag-universidad-santo-tomas","tag-ust-puerto-montt"],"_links":{"self":[{"href":"https:\/\/www.semanariolocal.cl\/index.php?rest_route=\/wp\/v2\/posts\/30174","targetHints":{"allow":["GET"]}}],"collection":[{"href":"https:\/\/www.semanariolocal.cl\/index.php?rest_route=\/wp\/v2\/posts"}],"about":[{"href":"https:\/\/www.semanariolocal.cl\/index.php?rest_route=\/wp\/v2\/types\/post"}],"author":[{"embeddable":true,"href":"https:\/\/www.semanariolocal.cl\/index.php?rest_route=\/wp\/v2\/users\/1"}],"replies":[{"embeddable":true,"href":"https:\/\/www.semanariolocal.cl\/index.php?rest_route=%2Fwp%2Fv2%2Fcomments&post=30174"}],"version-history":[{"count":1,"href":"https:\/\/www.semanariolocal.cl\/index.php?rest_route=\/wp\/v2\/posts\/30174\/revisions"}],"predecessor-version":[{"id":30176,"href":"https:\/\/www.semanariolocal.cl\/index.php?rest_route=\/wp\/v2\/posts\/30174\/revisions\/30176"}],"wp:featuredmedia":[{"embeddable":true,"href":"https:\/\/www.semanariolocal.cl\/index.php?rest_route=\/wp\/v2\/media\/30175"}],"wp:attachment":[{"href":"https:\/\/www.semanariolocal.cl\/index.php?rest_route=%2Fwp%2Fv2%2Fmedia&parent=30174"}],"wp:term":[{"taxonomy":"category","embeddable":true,"href":"https:\/\/www.semanariolocal.cl\/index.php?rest_route=%2Fwp%2Fv2%2Fcategories&post=30174"},{"taxonomy":"post_tag","embeddable":true,"href":"https:\/\/www.semanariolocal.cl\/index.php?rest_route=%2Fwp%2Fv2%2Ftags&post=30174"}],"curies":[{"name":"wp","href":"https:\/\/api.w.org\/{rel}","templated":true}]}}