{"id":3011,"date":"2021-11-14T07:05:00","date_gmt":"2021-11-14T10:05:00","guid":{"rendered":"https:\/\/www.semanariolocal.cl\/?p=3011"},"modified":"2021-11-13T19:16:15","modified_gmt":"2021-11-13T22:16:15","slug":"el-filibusterismo-practica-politica-casi-olvidada","status":"publish","type":"post","link":"https:\/\/www.semanariolocal.cl\/?p=3011","title":{"rendered":"El Filibusterismo, pr\u00e1ctica pol\u00edtica casi olvidada"},"content":{"rendered":"\n<p style=\"font-size:17px\">El espect\u00e1culo o show de televisi\u00f3n que fue transmitido en directo a todo el pa\u00eds por casi todos los canales de la televisi\u00f3n chilena, sorprendi\u00f3 a la audiencia y caus\u00f3 estupor en otros, ya que nadie pod\u00eda entender c\u00f3mo se ajustaba a la ley y a los Reglamentos del Congreso, que un parlamentario se diera el lujo de hablar en forma ininterrumpida por espacio de m\u00e1s de 20 horas seguidas en la C\u00e1mara de Diputados, con el s\u00f3lo objeto de dilatar artificiosamente la sesi\u00f3n, para permitir que un parlamentario finalizara la cuarentena y se trasladara al Congreso con el objeto de dar el quorum necesario para aprobar una Acusaci\u00f3n Constitucional en contra del Presidente de la Rep\u00fablica.<\/p>\n\n\n\n<p style=\"font-size:17px\">Tratando de darle un aspecto honorable a tan vil maniobra, la definiremos como \u201cUna t\u00e9cnica espec\u00edfica de obstruccionismo parlamentario, mediante el cual se pretende retrasar o enteramente bloquear un acto legislativo mediante el uso de un discurso de larga duraci\u00f3n\u201d<\/p>\n\n\n\n<p style=\"font-size:17px\">Su nombre se debe al hecho que se trata de un resquicio, no prohibido por la ley, pero que denota la m\u00e1s flagrante falta de \u00e9tica y de honor en su aplicaci\u00f3n. Se trata de un acto parlamentario vil y se le asemeja a los Filibusteros, ya que, en la \u00e9poca de los piratas y corsarios, pertenec\u00edan a la m\u00e1s baja escala social, ya que viv\u00edan del pillaje y robaban a su propia genta.<\/p>\n\n\n\n<p style=\"font-size:17px\">No es una pr\u00e1ctica nueva, se us\u00f3 mucho en los parlamentos europeos y existe un caso emblem\u00e1tico en Inglaterra. Se pretend\u00eda destituir al Primer Ministro y un parlamentario de su partido quiso alargar el tiempo, como anoche el Diputado Naranjo y ley\u00f3 \u00edntegramente un libro de cocina reci\u00e9n editado. Los parlamentarios alcanzaron a formar quorum y los otros aprendieron a cocinar.<\/p>\n\n\n\n<p style=\"font-size:17px\">En Chile, el 8 de Enero de 1993, el Diputado Udi&nbsp; Jorge Ulloa realiz\u00f3 un discurso de varias horas en medio de una acusaci\u00f3n constitucional intentada en contra de tres ministros de la Excma Corte Suprema de Justicia y del Auditor General del Ej\u00e9rcito, para dar tiempo al Diputado Pablo Longueira para viajar desde Concepci\u00f3n hasta Valpara\u00edso para votar y ser parte de la acci\u00f3n acusatoria.<\/p>\n\n\n\n<p style=\"font-size:17px\">Sin embargo, pese a tratarse de una treta legal, es indudable su car\u00e1cter de dudosa moralidad y \u00e9tica, que deber\u00eda ser regulada en su funcionamiento, pues en las condiciones actuales, es indesmentible la calidad de malas artes hay que justifica plenamente el 8% de aprobaci\u00f3n que tiene el Congreso Nacional.<\/p>\n\n\n\n<p style=\"font-size:17px\">Ninguna duda cabe que toda esta parafernalia legislativa, a meses que el Primer Mandatario haga entrega de su cargo, s\u00f3lo obedece a un \u201cgustito\u201d que quisieron darse los parlamentarios opositores y lamentablemente, como no se caracterizan por tener una visi\u00f3n de largo plazo, pueden crear un peligros\u00edsimo precedente que atente contra nuestra maltrecha democracia, pues en el futuro, bastar\u00eda que m\u00e1s de 8 y menos de 20 parlamentarios puedan chantajear a la primera autoridad del pa\u00eds, ya que si hubiesen estado \u00e1vidos de justicia, honor y amor a la patria, pod\u00edan deducir la acusaci\u00f3n hasta 6 meses despu\u00e9s del t\u00e9rmino del mandato presidencial.<\/p>\n\n\n\n<p style=\"font-size:17px\">En el espect\u00e1culo que vimos anoche, la acusaci\u00f3n constitucional debe pasar al Senado, el que actuando como Jurado deber\u00e1 pronunciarse sobre la inocencia o culpabilidad del Presidente de la Rep\u00fablica. Ojal\u00e1 que el Senado siente la recta doctrina, que un Presidente de la Rep\u00fablica, elegido democr\u00e1ticamente y por un importante porcentaje de votos, no puede ser destituido para ganar unos cuantos fondos o por las m\u00e1s espurias razones.<\/p>\n","protected":false},"excerpt":{"rendered":"<p>El espect\u00e1culo o show de televisi\u00f3n que fue transmitido en directo a todo el pa\u00eds por casi todos los canales de la televisi\u00f3n chilena, sorprendi\u00f3 a la audiencia y caus\u00f3 estupor en otros, ya que nadie pod\u00eda entender c\u00f3mo se ajustaba a la ley y a los Reglamentos del Congreso, que un parlamentario se diera&#8230;<a class=\"btnReadMore\" href=\"https:\/\/www.semanariolocal.cl\/?p=3011\"> Leer M\u00e1s<\/a><\/p>\n","protected":false},"author":1,"featured_media":3012,"comment_status":"closed","ping_status":"closed","sticky":false,"template":"","format":"standard","meta":{"footnotes":""},"categories":[7],"tags":[],"class_list":["post-3011","post","type-post","status-publish","format-standard","has-post-thumbnail","hentry","category-opinion"],"_links":{"self":[{"href":"https:\/\/www.semanariolocal.cl\/index.php?rest_route=\/wp\/v2\/posts\/3011","targetHints":{"allow":["GET"]}}],"collection":[{"href":"https:\/\/www.semanariolocal.cl\/index.php?rest_route=\/wp\/v2\/posts"}],"about":[{"href":"https:\/\/www.semanariolocal.cl\/index.php?rest_route=\/wp\/v2\/types\/post"}],"author":[{"embeddable":true,"href":"https:\/\/www.semanariolocal.cl\/index.php?rest_route=\/wp\/v2\/users\/1"}],"replies":[{"embeddable":true,"href":"https:\/\/www.semanariolocal.cl\/index.php?rest_route=%2Fwp%2Fv2%2Fcomments&post=3011"}],"version-history":[{"count":1,"href":"https:\/\/www.semanariolocal.cl\/index.php?rest_route=\/wp\/v2\/posts\/3011\/revisions"}],"predecessor-version":[{"id":3013,"href":"https:\/\/www.semanariolocal.cl\/index.php?rest_route=\/wp\/v2\/posts\/3011\/revisions\/3013"}],"wp:featuredmedia":[{"embeddable":true,"href":"https:\/\/www.semanariolocal.cl\/index.php?rest_route=\/wp\/v2\/media\/3012"}],"wp:attachment":[{"href":"https:\/\/www.semanariolocal.cl\/index.php?rest_route=%2Fwp%2Fv2%2Fmedia&parent=3011"}],"wp:term":[{"taxonomy":"category","embeddable":true,"href":"https:\/\/www.semanariolocal.cl\/index.php?rest_route=%2Fwp%2Fv2%2Fcategories&post=3011"},{"taxonomy":"post_tag","embeddable":true,"href":"https:\/\/www.semanariolocal.cl\/index.php?rest_route=%2Fwp%2Fv2%2Ftags&post=3011"}],"curies":[{"name":"wp","href":"https:\/\/api.w.org\/{rel}","templated":true}]}}