{"id":30070,"date":"2025-07-22T08:50:00","date_gmt":"2025-07-22T12:50:00","guid":{"rendered":"https:\/\/www.semanariolocal.cl\/?p=30070"},"modified":"2025-07-22T20:42:43","modified_gmt":"2025-07-23T00:42:43","slug":"vulneraciones-dd-hh-en-el-sename-la-busqueda-de-una-verdad","status":"publish","type":"post","link":"https:\/\/www.semanariolocal.cl\/?p=30070","title":{"rendered":"Vulneraciones DD.HH en el Sename: la b\u00fasqueda de una verdad"},"content":{"rendered":"\n<p><strong><mark style=\"background-color:#abb8c3\" class=\"has-inline-color has-white-color\"> 22 de Julio del 2025.- <\/mark><\/strong> Hemos sabido que se ha iniciado el proceso de investigaci\u00f3n de casos de la Comisi\u00f3n Asesora Presidencial para esclarecer la verdad sobre vulneraciones de derechos humanos a ni\u00f1os, ni\u00f1as y adolescentes resguardados por el SENAME (Servicio Nacional de Menores). Esta comisi\u00f3n originalmente abordar\u00eda el per\u00edodo que va entre 1979 y 2021, pero dada la presencia a\u00fan de irregularidades en el nuevo servicio, Mejor Ni\u00f1ez, se extendi\u00f3 \u2013 lo que parece razonable- hasta el 2024.<\/p>\n\n\n\n<p>Hablamos de profesionales que se entregar\u00e1n a la dura tarea de o\u00edr y registrar la voz de cientos de personas, adultos, j\u00f3venes, ni\u00f1os y ni\u00f1as que pondr\u00e1n de manifiesto algunos de los horrores sufridos a lo largo de 45 a\u00f1os de funcionamiento del sistema.<\/p>\n\n\n\n<p>Este hito, que es la consecuencia esperada de la constituci\u00f3n de la comisi\u00f3n en diciembre de 2024, nos enfrenta a la pregunta sobre la posibilidad de elaborar los da\u00f1os derivados de la traumatizaci\u00f3n producida por la violencia del Estado contra ni\u00f1os, ni\u00f1as y adolescentes que recibieron tratos crueles, inhumanos y degradantes, llegando al punto de transgredir su integridad ps\u00edquica, f\u00edsica y produciendo en su peor expresi\u00f3n la muerte, todo bajo la promesa de su cuidado y protecci\u00f3n.<\/p>\n\n\n\n<p>Los desarrollos de la cl\u00ednica del trauma se\u00f1alan que \u00e9ste \u00faltimo se constituye en dos tiempos, un momento primero en el que ocurre un hecho real abusivo que interrumpe la continuidad de la existencia y un segundo momento en el que se produce la desmentida por parte del entorno cercano y social, que niega que efectivamente haya sucedido algo abusivo.<\/p>\n\n\n\n<p>Desde esta perspectiva, un elemento central de lo traum\u00e1tico se ubica en este segundo momento. Los silencios, las faltas de reconocimiento, la falta de verdad, justicia y reparaci\u00f3n profundizan el trauma. De ah\u00ed la gran importancia de este trabajo que debe venir a desbaratar el discurso socialmente organizado de la desmentida, permitiendo que el acontecer traum\u00e1tico se procese en la presencia de otro y en el marco de una recomposici\u00f3n de la matriz individual, relacional y social.<\/p>\n\n\n\n<p>Cuesta hablar de este tema y m\u00e1s a\u00fan reconocer el silencio c\u00f3mplice de tantos a\u00f1os. Nos oblig\u00f3 la muerte de Lissette Villa en 2016 cuando el relato espantoso y pormenorizado de su absurda muerte se repiti\u00f3 en los medios de prensa y nos impidi\u00f3 seguir sosteniendo la indulgencia con la que estos casos eran abordados por las autoridades hasta ese a\u00f1o. Antes de Lisette, ya nos hab\u00eda conmovido como sociedad el llamado Informe Jeldres que se dio a conocer en Chile en julio de 2013 con cifras que costaba digerir, por ejemplo, se confirm\u00f3 que el 88\u202f% de las residencias registraron vulneraciones graves y que el 100\u202f% de los centros p\u00fablicos del SENAME incurrieron en pr\u00e1cticas sistem\u00e1ticas que lesionan los derechos de los ni\u00f1os, ni\u00f1as y adolescentes. Ahora bien, lo saben algunos miembros de la actual comisi\u00f3n que estuvieron ah\u00ed, la historia se remonta a\u00f1os atr\u00e1s, con la ratificaci\u00f3n en 1990 de la Convenci\u00f3n sobre los Derechos del Ni\u00f1o que compromet\u00eda al pa\u00eds a adecuar su normativa y pol\u00edticas en materia de infancia y con la creaci\u00f3n bajo el gobierno de Patricio Aylwin de la primera de varias comisiones presidenciales que buscar\u00edan los modos de enfrentar lo que los informes del Comit\u00e9 de Derechos del Ni\u00f1o de Naciones Unidas indicaron una y otra vez desde 1992: la necesidad de crear una nueva ley dirigida a la infancia y la obligaci\u00f3n \u00e9tica atender a las malas condiciones de la ni\u00f1ez bajo protecci\u00f3n estatal y las vulneraciones de derecho producidas.<\/p>\n\n\n\n<p>Aun cuando no podemos negar los avances del actual gobierno que incluyen la creaci\u00f3n del Servicio Nacional de Protecci\u00f3n Especializada a la Ni\u00f1ez y Adolescencia, Mejor Ni\u00f1ez, el Servicio Nacional de Reinserci\u00f3n Social Juvenil, la promulgaci\u00f3n de la muy esperada Ley de Garant\u00edas y Protecci\u00f3n Integral de los Derechos de la Ni\u00f1ez y Adolescencia, la reforma integral al sistema de adopci\u00f3n&nbsp; y la comisi\u00f3n que motiva esta reflexi\u00f3n, es tambi\u00e9n cierto que la cantidad de a\u00f1os que hemos decidido esperar como sociedad para detener esta violencia, es alarmante. Tambi\u00e9n es cierto que en este esfuerzo de \u00faltimo tiempo, quedaron fuera de este proceso las v\u00edctimas de entornos eclesi\u00e1sticos, lo que fue denunciado dolorosamente por la Red de sobrevivientes.<\/p>\n\n\n\n<p>La comisi\u00f3n no es un mero acto pol\u00edtico, representa una oportunidad que no debemos perder como sociedad de superar la desmentida que por a\u00f1os ha tomado la forma de eufemismos, contradicciones y un \u201cen la medida de lo posible\u201d hasta ahora grabado a fuego en la historia de nuestro pa\u00eds. Aunque cueste, es un imperativo \u00e9tico o\u00edr esos testimonios, reconocer esas experiencias y sobre todo, no olvidar.<\/p>\n\n\n\n<p><strong>Pamela Soto Vergara, directora de la carrera de Psicolog\u00eda UNAB.<\/strong><\/p>\n","protected":false},"excerpt":{"rendered":"<p>Cuesta hablar de este tema y m\u00e1s a\u00fan reconocer el silencio c\u00f3mplice de tantos a\u00f1os. Nos oblig\u00f3 la muerte de Lissette Villa en 2016 cuando el relato espantoso y pormenorizado de su absurda muerte se repiti\u00f3 en los medios de comunicaci\u00f3n.<\/p>\n","protected":false},"author":1,"featured_media":30071,"comment_status":"closed","ping_status":"closed","sticky":false,"template":"","format":"standard","meta":{"footnotes":""},"categories":[3843,3608,4161,7,4401],"tags":[2118,337,273,247,133],"class_list":["post-30070","post","type-post","status-publish","format-standard","has-post-thumbnail","hentry","category-derechos-sociales","category-estado","category-familia","category-opinion","category-primera-infancia","tag-semanariolocal","tag-informacion","tag-noticias","tag-region-de-los-lagos","tag-semanario-local"],"_links":{"self":[{"href":"https:\/\/www.semanariolocal.cl\/index.php?rest_route=\/wp\/v2\/posts\/30070","targetHints":{"allow":["GET"]}}],"collection":[{"href":"https:\/\/www.semanariolocal.cl\/index.php?rest_route=\/wp\/v2\/posts"}],"about":[{"href":"https:\/\/www.semanariolocal.cl\/index.php?rest_route=\/wp\/v2\/types\/post"}],"author":[{"embeddable":true,"href":"https:\/\/www.semanariolocal.cl\/index.php?rest_route=\/wp\/v2\/users\/1"}],"replies":[{"embeddable":true,"href":"https:\/\/www.semanariolocal.cl\/index.php?rest_route=%2Fwp%2Fv2%2Fcomments&post=30070"}],"version-history":[{"count":1,"href":"https:\/\/www.semanariolocal.cl\/index.php?rest_route=\/wp\/v2\/posts\/30070\/revisions"}],"predecessor-version":[{"id":30072,"href":"https:\/\/www.semanariolocal.cl\/index.php?rest_route=\/wp\/v2\/posts\/30070\/revisions\/30072"}],"wp:featuredmedia":[{"embeddable":true,"href":"https:\/\/www.semanariolocal.cl\/index.php?rest_route=\/wp\/v2\/media\/30071"}],"wp:attachment":[{"href":"https:\/\/www.semanariolocal.cl\/index.php?rest_route=%2Fwp%2Fv2%2Fmedia&parent=30070"}],"wp:term":[{"taxonomy":"category","embeddable":true,"href":"https:\/\/www.semanariolocal.cl\/index.php?rest_route=%2Fwp%2Fv2%2Fcategories&post=30070"},{"taxonomy":"post_tag","embeddable":true,"href":"https:\/\/www.semanariolocal.cl\/index.php?rest_route=%2Fwp%2Fv2%2Ftags&post=30070"}],"curies":[{"name":"wp","href":"https:\/\/api.w.org\/{rel}","templated":true}]}}