{"id":30026,"date":"2025-07-21T08:20:00","date_gmt":"2025-07-21T12:20:00","guid":{"rendered":"https:\/\/www.semanariolocal.cl\/?p=30026"},"modified":"2025-07-21T22:39:20","modified_gmt":"2025-07-22T02:39:20","slug":"atendamos-la-pobreza-severa","status":"publish","type":"post","link":"https:\/\/www.semanariolocal.cl\/?p=30026","title":{"rendered":"Atendamos la pobreza severa"},"content":{"rendered":"\n<p><strong><mark style=\"background-color:#abb8c3\" class=\"has-inline-color has-white-color\">21 de julio del 2025.- <\/mark><\/strong> Se trata de la herramienta clave para medir la pobreza en Chile y orientar de manera m\u00e1s precisa las pol\u00edticas p\u00fablicas. El documento actualiza la medici\u00f3n a los cambios sociales recientes y sus consecuencias: estallido social, pandemia, crisis habitacional, fen\u00f3meno migratorio, inseguridad.<\/p>\n\n\n\n<p>Los medios titularon con lo m\u00e1s noticioso: de acuerdo a los nuevos par\u00e1metros propuestos, la \u00faltima medici\u00f3n, que nos pon\u00eda sobre Canad\u00e1 y Estados Unidos en materia de reducci\u00f3n de la pobreza, pasar\u00eda de un alentador 6,5% a un 22.3%. Un n\u00famero que tiene mucho m\u00e1s sentido para quienes trabajamos a diario con \u201clos pies en el barro\u201d, como dec\u00eda Alberto Hurtado.<\/p>\n\n\n\n<p>En el Hogar de Cristo atendemos a un grupo peque\u00f1o, cerca de 38 mil personas en 2024, que tiene un nivel de carencias que se arrastra por d\u00e9cadas. A los d\u00e9ficits en salud, vivienda, empleo, educaci\u00f3n, redes, se suman los de ingreso, y se agregan problemas de salud mental, consumo de drogas, discapacidad, abandono, analfabetismo. Es una pobreza extrema o cr\u00f3nica, como debati\u00f3 llamarla la Comisi\u00f3n. Al final, se opt\u00f3 por \u201cpobreza severa\u201d, que se define como la intersecci\u00f3n de los hogares que viven en pobreza por ingresos y tambi\u00e9n en pobreza multidimensional.<\/p>\n\n\n\n<p>A este grupo poblacional no se le ha dado la relevancia que merece. Los pobres entre los pobres debieran ser prioritarios para todos: Estado, sector privado, academia, sociedad civil organizada. Lograr instalar esa idea y atender las necesidades de ese grupo a partir estas recomendaciones ser\u00eda un tremendo logro.<\/p>\n\n\n\n<p>La Comisi\u00f3n propone modificaciones obvias y necesarias. Reemplazar el criterio de 2.000 calor\u00edas diarias por una canasta alimenticia saludable. Terminar con el alquiler imputado que se reemplaza por dos l\u00edneas de la pobreza: una para familias propietarias de su vivienda y otra para familias que arriendan. Agrega y actualiza nuevos indicadores para la pobreza multidimensional, pasando de 15 a 20. Y se mantienen las cinco dimensiones de la pobreza, pero con igual ponderaci\u00f3n.<\/p>\n\n\n\n<p>Es muy relevante que se incorporen dos propuestas que permiten ver mejor el problema: la vulnerabilidad, que es la probabilidad de caer en pobreza. \u00c9sta se midi\u00f3 en un tiempo, pero luego se discontinu\u00f3. Se aconseja volver a incorporarla. Y lo m\u00e1s relevante para llegar con m\u00e1s y mejores pol\u00edticas sociales: determinar el n\u00famero de quienes viven en pobreza severa. &nbsp;<\/p>\n\n\n\n<p>Amartya Sen, el premio Nobel de Econom\u00eda indio, que acu\u00f1\u00f3 el concepto, ha dicho: \u201cLa pobreza severa no es solo carencia de ingresos, sino una forma radical de exclusi\u00f3n\u201d. Una vida en la que no puedes elegir qu\u00e9 comer porque no tienes qu\u00e9; en la que no puedes cuidar tu salud, porque el consultorio no facilita la atenci\u00f3n a las personas en situaci\u00f3n de calle. Es no poder estudiar, no tener calefacci\u00f3n, no contar con un techo. En Chile, esta pobreza es visible en la proliferaci\u00f3n de rucos. Pero tambi\u00e9n vive puertas adentro. En las viviendas sin aislaci\u00f3n, en los adultos mayores solos, en las madres que cr\u00edan entre la droga, la violencia y la precariedad. Combatirla exige pol\u00edticas p\u00fablicas que apunten al desarrollo de capacidades: educaci\u00f3n, salud, redes, acompa\u00f1amiento, respeto.<\/p>\n\n\n\n<p><strong>\u00a0Liliana Cort\u00e9s, directora social nacional del Hogar de Cristo<\/strong><\/p>\n","protected":false},"excerpt":{"rendered":"<p>Hace casi un mes en La Moneda, se entregaron las propuestas de modificaci\u00f3n a la Encuesta Nacional de Caracterizaci\u00f3n Socioecon\u00f3mica (CASEN). <\/p>\n","protected":false},"author":1,"featured_media":30027,"comment_status":"closed","ping_status":"closed","sticky":false,"template":"","format":"standard","meta":{"footnotes":""},"categories":[3,12,4284,3687,3858,3823,4138,4395],"tags":[2118,1194,337,649,607,273,132,2341,113,247,133],"class_list":["post-30026","post","type-post","status-publish","format-standard","has-post-thumbnail","hentry","category-al-dia","category-economia","category-economia-familiar","category-encuestas-y-sondeos","category-fundaciones","category-ong","category-politica-economica","category-sociedad","tag-semanariolocal","tag-hogar-de-cristo","tag-informacion","tag-liliana-cortes-leiva","tag-nacional","tag-noticias","tag-osorno","tag-pobreza","tag-puerto-montt","tag-region-de-los-lagos","tag-semanario-local"],"_links":{"self":[{"href":"https:\/\/www.semanariolocal.cl\/index.php?rest_route=\/wp\/v2\/posts\/30026","targetHints":{"allow":["GET"]}}],"collection":[{"href":"https:\/\/www.semanariolocal.cl\/index.php?rest_route=\/wp\/v2\/posts"}],"about":[{"href":"https:\/\/www.semanariolocal.cl\/index.php?rest_route=\/wp\/v2\/types\/post"}],"author":[{"embeddable":true,"href":"https:\/\/www.semanariolocal.cl\/index.php?rest_route=\/wp\/v2\/users\/1"}],"replies":[{"embeddable":true,"href":"https:\/\/www.semanariolocal.cl\/index.php?rest_route=%2Fwp%2Fv2%2Fcomments&post=30026"}],"version-history":[{"count":1,"href":"https:\/\/www.semanariolocal.cl\/index.php?rest_route=\/wp\/v2\/posts\/30026\/revisions"}],"predecessor-version":[{"id":30028,"href":"https:\/\/www.semanariolocal.cl\/index.php?rest_route=\/wp\/v2\/posts\/30026\/revisions\/30028"}],"wp:featuredmedia":[{"embeddable":true,"href":"https:\/\/www.semanariolocal.cl\/index.php?rest_route=\/wp\/v2\/media\/30027"}],"wp:attachment":[{"href":"https:\/\/www.semanariolocal.cl\/index.php?rest_route=%2Fwp%2Fv2%2Fmedia&parent=30026"}],"wp:term":[{"taxonomy":"category","embeddable":true,"href":"https:\/\/www.semanariolocal.cl\/index.php?rest_route=%2Fwp%2Fv2%2Fcategories&post=30026"},{"taxonomy":"post_tag","embeddable":true,"href":"https:\/\/www.semanariolocal.cl\/index.php?rest_route=%2Fwp%2Fv2%2Ftags&post=30026"}],"curies":[{"name":"wp","href":"https:\/\/api.w.org\/{rel}","templated":true}]}}