{"id":29978,"date":"2025-07-18T08:00:00","date_gmt":"2025-07-18T12:00:00","guid":{"rendered":"https:\/\/www.semanariolocal.cl\/?p=29978"},"modified":"2025-07-18T11:12:02","modified_gmt":"2025-07-18T15:12:02","slug":"primer-episodio-de-psicosis-y-como-detectarlo-a-tiempo","status":"publish","type":"post","link":"https:\/\/www.semanariolocal.cl\/?p=29978","title":{"rendered":"Primer episodio de psicosis y c\u00f3mo detectarlo a tiempo"},"content":{"rendered":"\n<p><strong><mark style=\"background-color:#abb8c3\" class=\"has-inline-color has-white-color\">18 de Julio del 2025.-<\/mark><\/strong> The Pitt, la serie de plataforma que retrata una jornada laboral del personal de urgencias en el Centro M\u00e9dico de Traumatismo de Pittsburgh (USA), y que ha sido un \u00e9xito de visualizaciones, presenta -en su episodio decimocuarto- el caso de una joven que por primera vez sufre de alucinaciones. Y aunque se descarta que se trate de un primer episodio de psicosis, deja planteada la duda de si ello podr\u00eda ocurrirle a cualquier persona, m\u00e1s all\u00e1 del estado de su salud mental.<\/p>\n\n\n\n<p>El investigador de la&nbsp;<a href=\"http:\/\/www.uoh.cl\/\" target=\"_blank\" rel=\"noreferrer noopener\">Universidad de O\u2019Higgins<\/a>&nbsp;(UOH) y Doctor en Psiquiatr\u00eda y Cuidados Comunitarios,&nbsp;<a href=\"https:\/\/www.uoh.cl\/investigacion\/academico\/ruben-alvarado\/\" target=\"_blank\" rel=\"noreferrer noopener\">Dr. Rub\u00e9n Alvarado<\/a>, explica que los primeros episodios de psicosis pueden presentarse tanto en el contexto de enfermedades como la esquizofrenia, que afectan aproximadamente al 1\u202f% de la poblaci\u00f3n, como en personas sin trastornos psiqui\u00e1tricos previos, y que son expuestas a situaciones de estr\u00e9s extremo o al consumo de determinadas sustancias. \u201cCualquier persona puede vivir una experiencia psic\u00f3tica, no es exclusivo de quienes tienen una enfermedad mental diagnosticada; un evento traum\u00e1tico o el uso de alucin\u00f3genos pueden alterar la percepci\u00f3n y desencadenar alucinaciones auditivas, visuales o de otro tipo\u201d, advierte el Dr. Alvarado.<\/p>\n\n\n\n<p>Seg\u00fan el investigador, estudios en pa\u00edses n\u00f3rdicos revelan que hasta un 15\u202f% de la poblaci\u00f3n reporta alguna alucinaci\u00f3n aislada, pero ello no implica necesariamente un trastorno psiqui\u00e1trico. \u201cHay personalidades con mayor predisposici\u00f3n a estas experiencias, pero s\u00f3lo una minor\u00eda progresa a un cuadro psic\u00f3tico cl\u00ednico\u201d, puntualiza.<\/p>\n\n\n\n<p><strong>Primer episodio<\/strong><\/p>\n\n\n\n<p>La trayectoria hacia un primer episodio de psicosis suele iniciarse con cambios sutiles en el estado de \u00e1nimo que pueden durar casi un a\u00f1o. Luego aparece un retraimiento social progresivo y, finalmente, la persona experimenta alucinaciones, principalmente auditivas: \u201cEscuchar voces que comentan acciones o dan \u00f3rdenes es lo m\u00e1s caracter\u00edstico. Al principio genera angustia y confusi\u00f3n, pero con el tiempo la persona tiende a aceptar esa nueva realidad\u201d, se\u00f1ala el investigador.<\/p>\n\n\n\n<p>Frente a estos s\u00edntomas, la recomendaci\u00f3n es buscar ayuda sin demora. El protocolo GES en Chile establece que, tras una evaluaci\u00f3n inicial en atenci\u00f3n primaria \u2014CESFAM o m\u00e9dico de cabecera\u2014, la derivaci\u00f3n a un psiquiatra debe realizarse dentro de los 30 d\u00edas siguientes. El diagn\u00f3stico temprano permite iniciar cuanto antes un tratamiento farmacol\u00f3gico y psicosocial, reduciendo no solo la angustia, sino tambi\u00e9n el riesgo suicida asociado.<\/p>\n\n\n\n<p><strong>ONTRACK<\/strong><\/p>\n\n\n\n<p>OnTrack, el programa liderado por el Dr. Alvarado en la Universidad de O\u2019Higgins, corresponde a una nueva generaci\u00f3n de formas de organizar los cuidados para estas personas en Chile. Tras optimizar la detecci\u00f3n en atenci\u00f3n primaria y capacitar equipos para reducir el tiempo de demora diagn\u00f3stica, OnTrack introduce un modelo de cuidados integrales que va m\u00e1s all\u00e1 de la medicaci\u00f3n.<\/p>\n\n\n\n<p>\u201cEn el modelo de cuidados de OnTrack -explica-, combinamos varios tipos de cuidados dentro de un plan integral de tratamiento: atenci\u00f3n m\u00e9dica, apoyo a la salud f\u00edsica, trabajo con la familia y con otros ambientes sociales, como la escuela o el trabajo. Nuestro \u00e9nfasis est\u00e1 en el \u2018recovery\u2019: ayudar a la persona a reconstruir su vida, retomar roles como los de hijo o hija, padre o madre, o estudiante, e insertarse laboralmente tras la vivencia psic\u00f3tica\u201d.<\/p>\n\n\n\n<p>Los resultados preliminares de OnTrack muestran una mejora en la calidad de vida y un aumento en la adherencia al tratamiento, acortando los periodos de hospitalizaci\u00f3n y favoreciendo la reintegraci\u00f3n social.<\/p>\n\n\n\n<p>Con la mirada puesta en expandir esta experiencia, el equipo de la Universidad de O\u2019Higgins aspira a apoyar el desarrollo del Plan Nacional de Salud Mental, consolidando el enfoque de \u201crecovery\u201d dentro los cuidados que se brindan en los dispositivos de atenci\u00f3n en salud mental, a trav\u00e9s de un programa de transferencia que se espera iniciar los pr\u00f3ximos meses.<\/p>\n","protected":false},"excerpt":{"rendered":"<p>  Si bien estos episodios son recurrentes en personas que tienen cierta predisposici\u00f3n a enfermedades como la esquizofrenia, tambi\u00e9n pueden aparecer en quienes se someten a estr\u00e9s extremo o un uso abusivo de drogas.<\/p>\n","protected":false},"author":1,"featured_media":29979,"comment_status":"closed","ping_status":"closed","sticky":false,"template":"","format":"standard","meta":{"footnotes":""},"categories":[3,3558,11,2496,3265],"tags":[2118,337,273,247,133,2105],"class_list":["post-29978","post","type-post","status-publish","format-standard","has-post-thumbnail","hentry","category-al-dia","category-cronica","category-educacion","category-nacional","category-psicologia","tag-semanariolocal","tag-informacion","tag-noticias","tag-region-de-los-lagos","tag-semanario-local","tag-universidad-bernardo-ohiggins"],"_links":{"self":[{"href":"https:\/\/www.semanariolocal.cl\/index.php?rest_route=\/wp\/v2\/posts\/29978","targetHints":{"allow":["GET"]}}],"collection":[{"href":"https:\/\/www.semanariolocal.cl\/index.php?rest_route=\/wp\/v2\/posts"}],"about":[{"href":"https:\/\/www.semanariolocal.cl\/index.php?rest_route=\/wp\/v2\/types\/post"}],"author":[{"embeddable":true,"href":"https:\/\/www.semanariolocal.cl\/index.php?rest_route=\/wp\/v2\/users\/1"}],"replies":[{"embeddable":true,"href":"https:\/\/www.semanariolocal.cl\/index.php?rest_route=%2Fwp%2Fv2%2Fcomments&post=29978"}],"version-history":[{"count":1,"href":"https:\/\/www.semanariolocal.cl\/index.php?rest_route=\/wp\/v2\/posts\/29978\/revisions"}],"predecessor-version":[{"id":29980,"href":"https:\/\/www.semanariolocal.cl\/index.php?rest_route=\/wp\/v2\/posts\/29978\/revisions\/29980"}],"wp:featuredmedia":[{"embeddable":true,"href":"https:\/\/www.semanariolocal.cl\/index.php?rest_route=\/wp\/v2\/media\/29979"}],"wp:attachment":[{"href":"https:\/\/www.semanariolocal.cl\/index.php?rest_route=%2Fwp%2Fv2%2Fmedia&parent=29978"}],"wp:term":[{"taxonomy":"category","embeddable":true,"href":"https:\/\/www.semanariolocal.cl\/index.php?rest_route=%2Fwp%2Fv2%2Fcategories&post=29978"},{"taxonomy":"post_tag","embeddable":true,"href":"https:\/\/www.semanariolocal.cl\/index.php?rest_route=%2Fwp%2Fv2%2Ftags&post=29978"}],"curies":[{"name":"wp","href":"https:\/\/api.w.org\/{rel}","templated":true}]}}