{"id":29957,"date":"2025-07-16T08:30:00","date_gmt":"2025-07-16T12:30:00","guid":{"rendered":"https:\/\/www.semanariolocal.cl\/?p=29957"},"modified":"2025-07-17T19:11:24","modified_gmt":"2025-07-17T23:11:24","slug":"vacunacion-obligatoria-a-un-recien-nacido-y-negativa-de-los-padres","status":"publish","type":"post","link":"https:\/\/www.semanariolocal.cl\/?p=29957","title":{"rendered":"Vacunaci\u00f3n obligatoria a un reci\u00e9n nacido y negativa de los padres."},"content":{"rendered":"\n<p><strong><mark style=\"background-color:#abb8c3\" class=\"has-inline-color has-white-color\">16 de Julio del 2025.- <\/mark><\/strong>Esto es lo que recientemente resolvi\u00f3 la Corte de Apelaciones de La Serena al conocer de un recurso de protecci\u00f3n interpuesta por el hospital San Pablo de Coquimbo en contra de los padres de un ni\u00f1o reci\u00e9n nacido que se negaban a vacunarlo contra la hepatitis B, la que forma parte del Plan Nacional de Vacunaci\u00f3n.<\/p>\n\n\n\n<p>El hospital arguy\u00f3 que la negativa era ilegal y que afectaba el derecho a la vida del ni\u00f1o. Por su parte, los padres fundaron su rechazo a la vacuna en que les preocupaba los efectos colaterales de ella y su relaci\u00f3n con el autismo, sin dar m\u00e1s antecedentes.<\/p>\n\n\n\n<p>La Corte de Apelaciones le dio la raz\u00f3n al hospital, se\u00f1alando que la negativa era ilegal, al infringir la Convenci\u00f3n de los Derechos del Ni\u00f1o, en particular el principio del inter\u00e9s superior de ni\u00f1o y la norma que reconoce el derecho de los ni\u00f1os a las inmunizaciones contra enfermedades prevenibles, as\u00ed como diversos preceptos legales, como la ley de derechos y deberes de los pacientes (la Ley 20.584) que dispone que todos tienen derecho a negarse a un tratamiento, pero que ello no aplica cuando se ponga en riesgo la salud p\u00fablica. Respecto a esto \u00faltimo, el Hospital argument\u00f3 en su recurso que la no vacunaci\u00f3n puede producir da\u00f1os tanto al paciente como a la poblaci\u00f3n, al no contribuir con el \u201cefecto reba\u00f1o\u201d de las vacunas. Agreg\u00f3 adem\u00e1s que Ley de Garant\u00edas y Protecci\u00f3n Integral de la Ni\u00f1ez, la Ley 21.430, se\u00f1ala en su art\u00edculo 38 que todos los ni\u00f1os y ni\u00f1as tienen derecho a la inmunizaci\u00f3n contra enfermedades prevenibles, sin discriminaci\u00f3n alguna.<\/p>\n\n\n\n<p>Al respecto, la Corte expresamente indic\u00f3 que es \u201cde suma relevancia en el contexto actual, siendo precisamente la madre del ni\u00f1o de autos, migrante, ya que se garantiza que todos los ni\u00f1os, ni\u00f1as y adolescentes independientemente de su estatus regular o irregular, tengan el mismo derecho a ser vacunados que los ni\u00f1os chilenos\u201d.<\/p>\n\n\n\n<p>El fallo es sin duda una eficaz aplicaci\u00f3n de normas internacionales y nacionales relativas a la salud de ni\u00f1os y ni\u00f1as, reforzando el car\u00e1cter garante que tiene el Estado sobre los derechos y los deberes respeto a ellos, aun en casos de condici\u00f3n migrante. Pero, sin duda, la resoluci\u00f3n del caso se vio facilitada por la falta de efectiva argumentaci\u00f3n de parte de los padres, no hubo siquiera respuesta a la petici\u00f3n de informaci\u00f3n de la Corte. En este sentido una objeci\u00f3n de conciencia m\u00e1s fundada habr\u00eda podido producir un debate m\u00e1s complejo y que, eventualmente, habr\u00eda llegado hasta la Corte Suprema. En todo caso, hay que hacer notar que las cortes han, en general, fallado en favor de los deberes de vacunaci\u00f3n en contra de las objeciones de los progenitores.<\/p>\n\n\n\n<p><strong>Tom\u00e1s Vial Solar, acad\u00e9mico de la Facultad de Derecho, Universidad Andr\u00e9s Bello.<\/strong><\/p>\n","protected":false},"excerpt":{"rendered":"<p>\u00bfPuede un hospital p\u00fablico obligar a los padres de un reci\u00e9n nacido a vacunarlo contra su voluntad?<\/p>\n","protected":false},"author":1,"featured_media":29958,"comment_status":"closed","ping_status":"closed","sticky":false,"template":"","format":"standard","meta":{"footnotes":""},"categories":[3,4397,3843,4161,7,4401,2484],"tags":[2118,337,273,247,133,4474,1822],"class_list":["post-29957","post","type-post","status-publish","format-standard","has-post-thumbnail","hentry","category-al-dia","category-derecho","category-derechos-sociales","category-familia","category-opinion","category-primera-infancia","category-salud","tag-semanariolocal","tag-informacion","tag-noticias","tag-region-de-los-lagos","tag-semanario-local","tag-tomas-vial-solar","tag-universidad-andres-bello"],"_links":{"self":[{"href":"https:\/\/www.semanariolocal.cl\/index.php?rest_route=\/wp\/v2\/posts\/29957","targetHints":{"allow":["GET"]}}],"collection":[{"href":"https:\/\/www.semanariolocal.cl\/index.php?rest_route=\/wp\/v2\/posts"}],"about":[{"href":"https:\/\/www.semanariolocal.cl\/index.php?rest_route=\/wp\/v2\/types\/post"}],"author":[{"embeddable":true,"href":"https:\/\/www.semanariolocal.cl\/index.php?rest_route=\/wp\/v2\/users\/1"}],"replies":[{"embeddable":true,"href":"https:\/\/www.semanariolocal.cl\/index.php?rest_route=%2Fwp%2Fv2%2Fcomments&post=29957"}],"version-history":[{"count":1,"href":"https:\/\/www.semanariolocal.cl\/index.php?rest_route=\/wp\/v2\/posts\/29957\/revisions"}],"predecessor-version":[{"id":29959,"href":"https:\/\/www.semanariolocal.cl\/index.php?rest_route=\/wp\/v2\/posts\/29957\/revisions\/29959"}],"wp:featuredmedia":[{"embeddable":true,"href":"https:\/\/www.semanariolocal.cl\/index.php?rest_route=\/wp\/v2\/media\/29958"}],"wp:attachment":[{"href":"https:\/\/www.semanariolocal.cl\/index.php?rest_route=%2Fwp%2Fv2%2Fmedia&parent=29957"}],"wp:term":[{"taxonomy":"category","embeddable":true,"href":"https:\/\/www.semanariolocal.cl\/index.php?rest_route=%2Fwp%2Fv2%2Fcategories&post=29957"},{"taxonomy":"post_tag","embeddable":true,"href":"https:\/\/www.semanariolocal.cl\/index.php?rest_route=%2Fwp%2Fv2%2Ftags&post=29957"}],"curies":[{"name":"wp","href":"https:\/\/api.w.org\/{rel}","templated":true}]}}