{"id":29909,"date":"2025-07-17T10:04:49","date_gmt":"2025-07-17T14:04:49","guid":{"rendered":"https:\/\/www.semanariolocal.cl\/?p=29909"},"modified":"2025-07-17T10:04:51","modified_gmt":"2025-07-17T14:04:51","slug":"mop-confirma-recapado-para-ruta-u-55-que-une-osorno-y-puerto-octay","status":"publish","type":"post","link":"https:\/\/www.semanariolocal.cl\/?p=29909","title":{"rendered":"MOP confirma recapado para Ruta U-55 que une Osorno y Puerto Octay"},"content":{"rendered":"\n<p><strong><mark style=\"background-color:#abb8c3\" class=\"has-inline-color has-white-color\">17 de Julio del 2025.- <\/mark><\/strong> La Secretar\u00eda Regional Ministerial de Obras P\u00fablicas de Los Lagos respondi\u00f3 formalmente al Consejo Regional (CORE), espec\u00edficamente la solicitud realizada por el consejero regional por Osorno, Francisco Reyes Castro, confirmando que la peligrosa Ruta U-55-V ser\u00e1 postulada para obras de conservaci\u00f3n en el presupuesto 2026.<\/p>\n\n\n\n<p>Se inform\u00f3 que se realizar\u00e1 recapado asf\u00e1ltico en un tramo de 15 kil\u00f3metros. Explicar que el recapado es una t\u00e9cnica de mantenimiento vial que consiste en la aplicaci\u00f3n de una nueva capa de asfalto sobre la superficie existente para corregir deformaciones y mejorar las condiciones de rodadura.<\/p>\n\n\n\n<p>Este tramo fue denominado por el consejero Reyes como la \u00abruta de la muerte\u00bb debido a su mal estado y a la proliferaci\u00f3n de accesos viales presuntamente irregulares. Adicionalmente, la Direcci\u00f3n de Vialidad intensificar\u00e1 la fiscalizaci\u00f3n en la zona.<\/p>\n\n\n\n<p>El oficio del MOP aclara que: \u00abconsiderando que la Ley de Presupuesto para el a\u00f1o 2026 a\u00fan se encuentra en etapa de discusi\u00f3n, es importante se\u00f1alar que, una vez aprobada dicha ley hacia fines del presente a\u00f1o, se iniciar\u00e1n las gestiones correspondientes a trav\u00e9s de los procedimientos de inversi\u00f3n vigentes, con el fin de concretar la intervenci\u00f3n mencionada\u00bb.<\/p>\n\n\n\n<p>\u201cEs un buen avance para los vecinos y vecinas que transitan a diario entre Osorno y Pichil, agradezco al MOP que haya formalizado este anuncio de inversi\u00f3n y por otro lado que inicie un plan de fiscalizaci\u00f3n a todos los ingresos irregulares, a ra\u00edz de parcelaciones, sitios industriales, porque esto no puede seguir siendo la ruta de la muerte, requerimos una ruta segura, productiva, ligada al turismo y al buen vivir de aquellas personas que se trasladan a la ciudad de forma diaria\u201d, indic\u00f3 el consejero Reyes.&nbsp;<\/p>\n\n\n\n<p>Al momento de solicitar este asfalto, Reyes, se\u00f1al\u00f3 que entre los factores de riesgo se encuentran la falta de iluminaci\u00f3n adecuada, la presencia de baches, el desarrollo de zonas industriales y, de manera preocupante, la aparici\u00f3n de nuevos accesos que ser\u00edan irregulares. A esto se suma la proyecci\u00f3n de un aumento en el tr\u00e1nsito de veh\u00edculos pesados, debido a una planta de biog\u00e1s que busca instalarse en el sector de Pichil.<\/p>\n","protected":false},"excerpt":{"rendered":"<p>Entre los factores de riesgo se encuentran la falta de iluminaci\u00f3n adecuada, la presencia de baches, el desarrollo de zonas industriales y, de manera preocupante, la aparici\u00f3n de nuevos accesos que ser\u00edan irregulares.<\/p>\n","protected":false},"author":1,"featured_media":29910,"comment_status":"closed","ping_status":"closed","sticky":false,"template":"","format":"standard","meta":{"footnotes":""},"categories":[2494,4419,2495,6,2483],"tags":[2118,355,2013,1248,128,337,273,247,133],"class_list":["post-29909","post","type-post","status-publish","format-standard","has-post-thumbnail","hentry","category-core","category-gobierno-regional","category-gore","category-politica","category-region","tag-semanariolocal","tag-core","tag-francisco-reyes-castro","tag-gobierno-regional","tag-gore-2","tag-informacion","tag-noticias","tag-region-de-los-lagos","tag-semanario-local"],"_links":{"self":[{"href":"https:\/\/www.semanariolocal.cl\/index.php?rest_route=\/wp\/v2\/posts\/29909","targetHints":{"allow":["GET"]}}],"collection":[{"href":"https:\/\/www.semanariolocal.cl\/index.php?rest_route=\/wp\/v2\/posts"}],"about":[{"href":"https:\/\/www.semanariolocal.cl\/index.php?rest_route=\/wp\/v2\/types\/post"}],"author":[{"embeddable":true,"href":"https:\/\/www.semanariolocal.cl\/index.php?rest_route=\/wp\/v2\/users\/1"}],"replies":[{"embeddable":true,"href":"https:\/\/www.semanariolocal.cl\/index.php?rest_route=%2Fwp%2Fv2%2Fcomments&post=29909"}],"version-history":[{"count":1,"href":"https:\/\/www.semanariolocal.cl\/index.php?rest_route=\/wp\/v2\/posts\/29909\/revisions"}],"predecessor-version":[{"id":29911,"href":"https:\/\/www.semanariolocal.cl\/index.php?rest_route=\/wp\/v2\/posts\/29909\/revisions\/29911"}],"wp:featuredmedia":[{"embeddable":true,"href":"https:\/\/www.semanariolocal.cl\/index.php?rest_route=\/wp\/v2\/media\/29910"}],"wp:attachment":[{"href":"https:\/\/www.semanariolocal.cl\/index.php?rest_route=%2Fwp%2Fv2%2Fmedia&parent=29909"}],"wp:term":[{"taxonomy":"category","embeddable":true,"href":"https:\/\/www.semanariolocal.cl\/index.php?rest_route=%2Fwp%2Fv2%2Fcategories&post=29909"},{"taxonomy":"post_tag","embeddable":true,"href":"https:\/\/www.semanariolocal.cl\/index.php?rest_route=%2Fwp%2Fv2%2Ftags&post=29909"}],"curies":[{"name":"wp","href":"https:\/\/api.w.org\/{rel}","templated":true}]}}