{"id":2986,"date":"2021-11-12T09:57:44","date_gmt":"2021-11-12T12:57:44","guid":{"rendered":"https:\/\/www.semanariolocal.cl\/?p=2986"},"modified":"2021-11-12T09:57:44","modified_gmt":"2021-11-12T12:57:44","slug":"jovenes-talentos-de-osorno-ya-pueden-postulen-a-beca-municipal-de-las-artes","status":"publish","type":"post","link":"https:\/\/www.semanariolocal.cl\/?p=2986","title":{"rendered":"J\u00f3venes talentos de Osorno ya pueden postulen a Beca Municipal de las Artes"},"content":{"rendered":"\n<p style=\"font-size:17px\">Hasta el lunes 30 de noviembre se extiende el plazo para que los j\u00f3venes talentos de Osorno postulen a la Beca Municipal de las Artes, cuyo objetivo es financiar, durante un a\u00f1o, el perfeccionamiento, formaci\u00f3n y desarrollo de la creaci\u00f3n art\u00edstica en estas personas.<\/p>\n\n\n\n<p style=\"font-size:17px\">Este concurso municipal considera la entrega 42 UF anuales a cada uno de los cuatro ganadores que premiar\u00e1 este certamen, que deber\u00e1n ser destacados en las disciplinas de M\u00fasica Cl\u00e1sica (ejecuci\u00f3n instrumental), Canto L\u00edrico, Artes Visuales (pintura y escultura) y Artes Esc\u00e9nicas (danza y teatro).<\/p>\n\n\n\n<p style=\"font-size:17px\">Gabriel Peralta, Jefe del Departamento&nbsp; de Extensi\u00f3n Cultural del municipio se\u00f1al\u00f3 que \u201clos requisitos para postular a esta beca son los siguientes: ser nacidos y domiciliados en Osorno, tener entre 7 y 25 a\u00f1os de edad, encontrarse en etapa de estudio, perfeccionamiento o titulaci\u00f3n de una carrera o disciplina acorde a este beneficio, tener una situaci\u00f3n socioecon\u00f3mica que impida financiar sus estudios y no poseer otra beca que se encuentre dirigida a satisfacer el mismo fin\u201d.&nbsp;<\/p>\n\n\n\n<p style=\"font-size:17px\">Norma Gallego, ex becada de las artes y actualmente licenciada en artes menci\u00f3n danza y reci\u00e9n titulada de pedagog\u00eda especializada en danza de la Universidad de Chile, se\u00f1al\u00f3 que este aporte municipal es sumamente importante para quienes deseen desarrollar una vida dedicada al arte, por lo que invit\u00f3 a todos a postulara. Este beneficio municipal.<\/p>\n\n\n\n<p style=\"font-size:17px\">Para el alcalde Emeterio Carrillo, se trata de una iniciativa importante y que tambi\u00e9n est\u00e1 dentro de su programa de trabajo que incluye adem\u00e1s llevar las artes y cultura a todos los barrios de Osorno.<\/p>\n\n\n\n<p style=\"font-size:17px\">Las bases de este concurso ya se pueden descargar desde la p\u00e1gina web www.municipalidadosorno.cl, y pinchar el banner \u201cBeca de las Artes\u201d, y las postulaciones se deben entregar en la Oficina de Partes del municipio, en el segundo piso del Edificio Consistorial, en Mackenna 851, y deber\u00e1n estar dirigidas al Departamento de Extensi\u00f3n Cultural de la Direcci\u00f3n de Desarrollo Comunitario (DIDECO).<\/p>\n","protected":false},"excerpt":{"rendered":"<p>Pueden participar ni\u00f1os y j\u00f3venes entre los 7 y los 25 a\u00f1os con residencia en la comuna.<\/p>\n","protected":false},"author":1,"featured_media":2987,"comment_status":"closed","ping_status":"closed","sticky":false,"template":"","format":"standard","meta":{"footnotes":""},"categories":[10],"tags":[],"class_list":["post-2986","post","type-post","status-publish","format-standard","has-post-thumbnail","hentry","category-cultura"],"_links":{"self":[{"href":"https:\/\/www.semanariolocal.cl\/index.php?rest_route=\/wp\/v2\/posts\/2986","targetHints":{"allow":["GET"]}}],"collection":[{"href":"https:\/\/www.semanariolocal.cl\/index.php?rest_route=\/wp\/v2\/posts"}],"about":[{"href":"https:\/\/www.semanariolocal.cl\/index.php?rest_route=\/wp\/v2\/types\/post"}],"author":[{"embeddable":true,"href":"https:\/\/www.semanariolocal.cl\/index.php?rest_route=\/wp\/v2\/users\/1"}],"replies":[{"embeddable":true,"href":"https:\/\/www.semanariolocal.cl\/index.php?rest_route=%2Fwp%2Fv2%2Fcomments&post=2986"}],"version-history":[{"count":1,"href":"https:\/\/www.semanariolocal.cl\/index.php?rest_route=\/wp\/v2\/posts\/2986\/revisions"}],"predecessor-version":[{"id":2988,"href":"https:\/\/www.semanariolocal.cl\/index.php?rest_route=\/wp\/v2\/posts\/2986\/revisions\/2988"}],"wp:featuredmedia":[{"embeddable":true,"href":"https:\/\/www.semanariolocal.cl\/index.php?rest_route=\/wp\/v2\/media\/2987"}],"wp:attachment":[{"href":"https:\/\/www.semanariolocal.cl\/index.php?rest_route=%2Fwp%2Fv2%2Fmedia&parent=2986"}],"wp:term":[{"taxonomy":"category","embeddable":true,"href":"https:\/\/www.semanariolocal.cl\/index.php?rest_route=%2Fwp%2Fv2%2Fcategories&post=2986"},{"taxonomy":"post_tag","embeddable":true,"href":"https:\/\/www.semanariolocal.cl\/index.php?rest_route=%2Fwp%2Fv2%2Ftags&post=2986"}],"curies":[{"name":"wp","href":"https:\/\/api.w.org\/{rel}","templated":true}]}}