{"id":2983,"date":"2021-11-12T07:30:00","date_gmt":"2021-11-12T10:30:00","guid":{"rendered":"https:\/\/www.semanariolocal.cl\/?p=2983"},"modified":"2021-11-12T09:55:54","modified_gmt":"2021-11-12T12:55:54","slug":"investigadores-de-inia-realizan-gira-para-estudiar-los-suelos-volcanicos-de-ecuador","status":"publish","type":"post","link":"https:\/\/www.semanariolocal.cl\/?p=2983","title":{"rendered":"Investigadores de INIA realizan gira para estudiar los suelos volc\u00e1nicos de Ecuador"},"content":{"rendered":"\n<p style=\"font-size:17px\">Como parte de las actividades del proyecto REDES 180168 \u201cAn International Network for Studying the Physical Quality of Volcanic Ash Soils\u201d, un grupo de cient\u00edficos chilenos, entre ellos la investigadora de INIA Remehue, Ingrid Mart\u00ednez, se encuentran participando en una gira de suelos volc\u00e1nicos en Ecuador.<\/p>\n\n\n\n<p style=\"font-size:17px\">\u201cLa visita, de car\u00e1cter cient\u00edfico, espera consolidar contactos con investigadores en suelos volc\u00e1nicos, as\u00ed como conocer problem\u00e1ticas asociadas al manejo de suelos y ecosistemas, para as\u00ed poder buscar alternativas concretas de colaboraci\u00f3n internacional en temas de inter\u00e9s com\u00fan\u201d, explic\u00f3 desde Ecuador la investigadora del INIA.<\/p>\n\n\n\n<p style=\"font-size:17px\">La profesional a\u00f1adi\u00f3 que \u201clos suelos del sur de Chile se formaron a partir de cenizas volc\u00e1nicas y son \u00fanicos, de ah\u00ed la importancia de seguir investigando en alianza con cient\u00edficos de otras partes del mundo, su potencial productivo para actividades silvoagropecuarias y la producci\u00f3n de alimentos\u201d.&nbsp;<\/p>\n\n\n\n<p style=\"font-size:17px\"><strong>Gira a Ecuador<\/strong><\/p>\n\n\n\n<p style=\"font-size:17px\">\u201cLas actividades desarrolladas en Ecuador han inclu\u00eddo el reconocimiento de suelos de or\u00edgen volc\u00e1nico de este pa\u00eds, ecosistemas espec\u00edficos como los P\u00e1ramos, as\u00ed como reuniones en la Universidad de Cuenca con el Dr. Pablo Quichimbo y con la Prefectura de Imbabura de Ibarra. En esta \u00faltima actividad, se hicieron presentaciones de ambas partes, lo que culmin\u00f3 con una gira por suelos de Cangahuas en la Provincia de Imbabura, Cant\u00f3n Pimampiro, que han sido roturados y habilitados para su uso productivo\u201d, puntualiz\u00f3 la investigadora de INIA Remehue.<\/p>\n","protected":false},"excerpt":{"rendered":"<p>Entre los participantes est\u00e1 la Dra. Ingrid Mart\u00ednez investigadora de INIA Remehue; junto al Dr. Jos\u00e9 D\u00f6rner, la Dra. Dorota Dec y la Dra. Susana Valle de la Facultad de Ciencias Agrarias y Alimentarias de la Universidad Austral de Chile y el Centro de Investigaci\u00f3n en Suelos Volc\u00e1nicos (CISVo); Christian Prat del Institut de Recherche pour le D\u00e9veloppement (IRD) de Francia y Felipe Z\u00fa\u00f1iga de la Universidad de Ays\u00e9n.<\/p>\n","protected":false},"author":1,"featured_media":2985,"comment_status":"closed","ping_status":"closed","sticky":false,"template":"","format":"standard","meta":{"footnotes":""},"categories":[20,3],"tags":[],"class_list":["post-2983","post","type-post","status-publish","format-standard","has-post-thumbnail","hentry","category-agro","category-al-dia"],"_links":{"self":[{"href":"https:\/\/www.semanariolocal.cl\/index.php?rest_route=\/wp\/v2\/posts\/2983","targetHints":{"allow":["GET"]}}],"collection":[{"href":"https:\/\/www.semanariolocal.cl\/index.php?rest_route=\/wp\/v2\/posts"}],"about":[{"href":"https:\/\/www.semanariolocal.cl\/index.php?rest_route=\/wp\/v2\/types\/post"}],"author":[{"embeddable":true,"href":"https:\/\/www.semanariolocal.cl\/index.php?rest_route=\/wp\/v2\/users\/1"}],"replies":[{"embeddable":true,"href":"https:\/\/www.semanariolocal.cl\/index.php?rest_route=%2Fwp%2Fv2%2Fcomments&post=2983"}],"version-history":[{"count":1,"href":"https:\/\/www.semanariolocal.cl\/index.php?rest_route=\/wp\/v2\/posts\/2983\/revisions"}],"predecessor-version":[{"id":2984,"href":"https:\/\/www.semanariolocal.cl\/index.php?rest_route=\/wp\/v2\/posts\/2983\/revisions\/2984"}],"wp:featuredmedia":[{"embeddable":true,"href":"https:\/\/www.semanariolocal.cl\/index.php?rest_route=\/wp\/v2\/media\/2985"}],"wp:attachment":[{"href":"https:\/\/www.semanariolocal.cl\/index.php?rest_route=%2Fwp%2Fv2%2Fmedia&parent=2983"}],"wp:term":[{"taxonomy":"category","embeddable":true,"href":"https:\/\/www.semanariolocal.cl\/index.php?rest_route=%2Fwp%2Fv2%2Fcategories&post=2983"},{"taxonomy":"post_tag","embeddable":true,"href":"https:\/\/www.semanariolocal.cl\/index.php?rest_route=%2Fwp%2Fv2%2Ftags&post=2983"}],"curies":[{"name":"wp","href":"https:\/\/api.w.org\/{rel}","templated":true}]}}