{"id":29750,"date":"2025-07-03T09:00:00","date_gmt":"2025-07-03T13:00:00","guid":{"rendered":"https:\/\/www.semanariolocal.cl\/?p=29750"},"modified":"2025-07-03T16:48:52","modified_gmt":"2025-07-03T20:48:52","slug":"presentan-informe-con-resultado-arqueologico-de-los-hallazgos-en-hospital-puerto-varas","status":"publish","type":"post","link":"https:\/\/www.semanariolocal.cl\/?p=29750","title":{"rendered":"Presentan informe de hallazgos arqueol\u00f3gico en Hospital Puerto Varas"},"content":{"rendered":"\n<p><strong><mark style=\"background-color:#abb8c3\" class=\"has-inline-color has-white-color\">03 de julio del 2025.-<\/mark><\/strong> En el marco de la Mesa Territorial Mapuche Huilliche por los hallazgos en la construcci\u00f3n del Hospital Puerto Varas, el Consejo de Monumentos Nacionales (CMN) present\u00f3 a organizaciones mapuche huilliches de Puerto Varas el resumen del\u00a0informe arqueol\u00f3gico del terreno.<\/p>\n\n\n\n<p>El arque\u00f3logo de la Oficina T\u00e9cnica Regional de los R\u00edos del CMN, Gabriel Soto, explic\u00f3 la l\u00ednea de tiempo que ha seguido el proceso de caracterizaci\u00f3n del sitio. Las principales conclusiones del informe apuntan a que los restos cer\u00e1micos y l\u00edticos encontrados, pertenecer\u00edan al per\u00edodo Alfarero Tard\u00edo, con una data de entre 900 a 1.500 a\u00f1os d.C., lo que dar\u00eda indicios que se tratar\u00eda de un sitio dom\u00e9stico habitacional.<\/p>\n\n\n\n<p>Los hallazgos actualmente se encuentran depositados, en resguardo, en el Museo de Ancud.<\/p>\n\n\n\n<p>En la reuni\u00f3n, tambi\u00e9n estuvieron presentes la consejera mapuche huilliche de CONADI y la encargada de la Oficina de Pueblos Originarios de la Municipalidad de Puerto Varas, representantes de la Inspecci\u00f3n Fiscal MOP y por parte del Servicio de Salud del Reloncav\u00ed el Coordinador T\u00e9cnico del proyecto, y las jefas de los departamentos de Participaci\u00f3n y Comunicaciones.<\/p>\n","protected":false},"excerpt":{"rendered":"<p>Los hallazgos actualmente se encuentran depositados, en resguardo, en el Museo de Ancud.<\/p>\n","protected":false},"author":1,"featured_media":29751,"comment_status":"closed","ping_status":"closed","sticky":false,"template":"","format":"standard","meta":{"footnotes":""},"categories":[4370,6,4400,4166],"tags":[2118,337,273,79,247,133],"class_list":["post-29750","post","type-post","status-publish","format-standard","has-post-thumbnail","hentry","category-patrimonio-y-cultura","category-politica","category-pueblos-originarios","category-puerto-varas","tag-semanariolocal","tag-informacion","tag-noticias","tag-puerto-varas","tag-region-de-los-lagos","tag-semanario-local"],"_links":{"self":[{"href":"https:\/\/www.semanariolocal.cl\/index.php?rest_route=\/wp\/v2\/posts\/29750","targetHints":{"allow":["GET"]}}],"collection":[{"href":"https:\/\/www.semanariolocal.cl\/index.php?rest_route=\/wp\/v2\/posts"}],"about":[{"href":"https:\/\/www.semanariolocal.cl\/index.php?rest_route=\/wp\/v2\/types\/post"}],"author":[{"embeddable":true,"href":"https:\/\/www.semanariolocal.cl\/index.php?rest_route=\/wp\/v2\/users\/1"}],"replies":[{"embeddable":true,"href":"https:\/\/www.semanariolocal.cl\/index.php?rest_route=%2Fwp%2Fv2%2Fcomments&post=29750"}],"version-history":[{"count":2,"href":"https:\/\/www.semanariolocal.cl\/index.php?rest_route=\/wp\/v2\/posts\/29750\/revisions"}],"predecessor-version":[{"id":29753,"href":"https:\/\/www.semanariolocal.cl\/index.php?rest_route=\/wp\/v2\/posts\/29750\/revisions\/29753"}],"wp:featuredmedia":[{"embeddable":true,"href":"https:\/\/www.semanariolocal.cl\/index.php?rest_route=\/wp\/v2\/media\/29751"}],"wp:attachment":[{"href":"https:\/\/www.semanariolocal.cl\/index.php?rest_route=%2Fwp%2Fv2%2Fmedia&parent=29750"}],"wp:term":[{"taxonomy":"category","embeddable":true,"href":"https:\/\/www.semanariolocal.cl\/index.php?rest_route=%2Fwp%2Fv2%2Fcategories&post=29750"},{"taxonomy":"post_tag","embeddable":true,"href":"https:\/\/www.semanariolocal.cl\/index.php?rest_route=%2Fwp%2Fv2%2Ftags&post=29750"}],"curies":[{"name":"wp","href":"https:\/\/api.w.org\/{rel}","templated":true}]}}