{"id":29747,"date":"2025-07-03T08:40:00","date_gmt":"2025-07-03T12:40:00","guid":{"rendered":"https:\/\/www.semanariolocal.cl\/?p=29747"},"modified":"2025-07-03T13:47:21","modified_gmt":"2025-07-03T17:47:21","slug":"invierno-medicos-alertan-sobre-virus-respiratorios-que-podrian-aumentar-las-proximas-semanas","status":"publish","type":"post","link":"https:\/\/www.semanariolocal.cl\/?p=29747","title":{"rendered":"Invierno: m\u00e9dicos alertan sobre virus respiratorios que podr\u00edan aumentar las pr\u00f3ximas semanas"},"content":{"rendered":"\n<p><strong><mark style=\"background-color:#abb8c3\" class=\"has-inline-color has-white-color\">03 de Julio del 2025.-<\/mark><\/strong> Julio comenz\u00f3 con fr\u00edo, lluvias en la zona sur del pa\u00eds y un aumento sostenido de enfermedades respiratorias. Seg\u00fan datos del Ministerio de Salud correspondientes a la semana epidemiol\u00f3gica 25, el virus respiratorio sincicial (VRS) representa el 28,9% de los casos detectados a nivel nacional. Aunque se ha mantenido una vigilancia activa, el sistema sanitario ya acusa una alta circulaci\u00f3n viral, en medio del receso escolar y el pr\u00f3ximo retorno a clases.<\/p>\n\n\n\n<p>A esto se suman los efectos del clima. La llegada de varios sistemas frontales al pa\u00eds \u2014especialmente en la zona centro-sur\u2014 ha provocado una baja en las temperaturas y mayor permanencia en espacios cerrados, lo que incrementa el riesgo de contagio, sobre todo entre la poblaci\u00f3n m\u00e1s vulnerable. Ni\u00f1os menores de cinco a\u00f1os, personas mayores y quienes viven con enfermedades cr\u00f3nicas enfrentan un escenario particularmente complejo.<\/p>\n\n\n\n<p>Desde la Sociedad Chilena de Medicina Familiar (Sochimef) advierten que, adem\u00e1s del VRS, se espera un aumento de otros virus respiratorios en las pr\u00f3ximas semanas. \u201cSe prev\u00e9 seguir con niveles altos de virus respiratorio sincicial, adem\u00e1s de parainfluenza y adenovirus, todos causantes potenciales de infecciones respiratorias bajas. Preocupa tambi\u00e9n que el metapneumovirus est\u00e9 aumentando\u201d, se\u00f1ala el doctor Mauricio Soto, coordinador del Grupo Respiratorio de Atenci\u00f3n Primaria de la Sochimef.<\/p>\n\n\n\n<p>El especialista subraya la importancia de proteger a los grupos de riesgo y estar atentos a s\u00edntomas que puedan alertar un cuadro grave. \u201cEs fundamental evitar contagios en edades extremas, menores de cinco a\u00f1os y mayores de 65, y particularmente en personas con condiciones cr\u00f3nicas. Hay que estar alerta ante fiebre alta, dificultad para respirar y decaimiento\u201d, indica el doctor Soto.<\/p>\n\n\n\n<p><strong>PREVENCI\u00d3N CONSTANTE<\/strong><\/p>\n\n\n\n<p>Respecto de las medidas de autocuidado, el llamado es a reforzar la prevenci\u00f3n, especialmente durante las vacaciones de invierno y el retorno a clases. \u201cEs importante evitar aglomeraciones donde podamos exponernos a personas enfermas. Si se presentan s\u00edntomas, lo recomendable es usar mascarilla para proteger a otros, ventilar espacios cerrados y mantener una buena higiene de manos\u201d, agrega.<\/p>\n\n\n\n<p>El especialista tambi\u00e9n advierte que el fr\u00edo no es el \u00fanico factor de riesgo. La contaminaci\u00f3n ambiental, que tiende a aumentar en los meses de invierno, puede agravar el estado de salud de quienes tienen condiciones respiratorias cr\u00f3nicas. \u201cM\u00e1s que el fr\u00edo, lo peligroso de este periodo es el estar expuesto a personas contagiadas. Santiago, por ejemplo, tiene una mala ventilaci\u00f3n en su valle durante el invierno, lo que empeora los cuadros en pacientes con asma o alergias\u201d, sostiene el m\u00e9dico de Sochimef.<\/p>\n\n\n\n<p>Finalmente, desde la sociedad m\u00e9dica reiteran la necesidad de tomar conciencia del impacto de los virus respiratorios en la salud p\u00fablica y mantener activas las campa\u00f1as de prevenci\u00f3n, autocuidado y vacunaci\u00f3n. \u201cSabemos que estas infecciones son comunes en invierno, pero no por eso debemos subestimarlas. Las medidas que adoptemos hoy pueden marcar una gran diferencia en las pr\u00f3ximas semanas\u201d, concluye Soto.<\/p>\n","protected":false},"excerpt":{"rendered":"<p>Desde la Sociedad Chilena de Medicina Familiar llaman a extremar medidas de autocuidado ante el incremento del virus respiratorio sincicial, adenovirus y metapneumovirus, que afectan especialmente a menores de cinco a\u00f1os, adultos mayores y enfermos cr\u00f3nicos.<\/p>\n","protected":false},"author":1,"featured_media":29748,"comment_status":"closed","ping_status":"closed","sticky":false,"template":"","format":"standard","meta":{"footnotes":""},"categories":[3,3558,4396,4161,2484,4395],"tags":[2118,337,273,247,56,133],"class_list":["post-29747","post","type-post","status-publish","format-standard","has-post-thumbnail","hentry","category-al-dia","category-cronica","category-especialista","category-familia","category-salud","category-sociedad","tag-semanariolocal","tag-informacion","tag-noticias","tag-region-de-los-lagos","tag-salud","tag-semanario-local"],"_links":{"self":[{"href":"https:\/\/www.semanariolocal.cl\/index.php?rest_route=\/wp\/v2\/posts\/29747","targetHints":{"allow":["GET"]}}],"collection":[{"href":"https:\/\/www.semanariolocal.cl\/index.php?rest_route=\/wp\/v2\/posts"}],"about":[{"href":"https:\/\/www.semanariolocal.cl\/index.php?rest_route=\/wp\/v2\/types\/post"}],"author":[{"embeddable":true,"href":"https:\/\/www.semanariolocal.cl\/index.php?rest_route=\/wp\/v2\/users\/1"}],"replies":[{"embeddable":true,"href":"https:\/\/www.semanariolocal.cl\/index.php?rest_route=%2Fwp%2Fv2%2Fcomments&post=29747"}],"version-history":[{"count":1,"href":"https:\/\/www.semanariolocal.cl\/index.php?rest_route=\/wp\/v2\/posts\/29747\/revisions"}],"predecessor-version":[{"id":29749,"href":"https:\/\/www.semanariolocal.cl\/index.php?rest_route=\/wp\/v2\/posts\/29747\/revisions\/29749"}],"wp:featuredmedia":[{"embeddable":true,"href":"https:\/\/www.semanariolocal.cl\/index.php?rest_route=\/wp\/v2\/media\/29748"}],"wp:attachment":[{"href":"https:\/\/www.semanariolocal.cl\/index.php?rest_route=%2Fwp%2Fv2%2Fmedia&parent=29747"}],"wp:term":[{"taxonomy":"category","embeddable":true,"href":"https:\/\/www.semanariolocal.cl\/index.php?rest_route=%2Fwp%2Fv2%2Fcategories&post=29747"},{"taxonomy":"post_tag","embeddable":true,"href":"https:\/\/www.semanariolocal.cl\/index.php?rest_route=%2Fwp%2Fv2%2Ftags&post=29747"}],"curies":[{"name":"wp","href":"https:\/\/api.w.org\/{rel}","templated":true}]}}