{"id":29713,"date":"2025-07-02T08:00:00","date_gmt":"2025-07-02T12:00:00","guid":{"rendered":"https:\/\/www.semanariolocal.cl\/?p=29713"},"modified":"2025-07-02T22:03:28","modified_gmt":"2025-07-03T02:03:28","slug":"primarias-presidenciales-que-robustecen-nuestra-democracia","status":"publish","type":"post","link":"https:\/\/www.semanariolocal.cl\/?p=29713","title":{"rendered":"Primarias Presidenciales que robustecen nuestra democracia"},"content":{"rendered":"\n<p><strong><mark style=\"background-color:#abb8c3\" class=\"has-inline-color has-white-color\">02 de Junio del 2025.- <\/mark><\/strong> Considerando entre ellas el hecho de esencial importancia de que todas las personas cuenten con informaci\u00f3n adecuada para asegurar su derecho a la participaci\u00f3n y al sentido de este mecanismo electoral para la consolidaci\u00f3n de liderazgos representativos.<\/p>\n\n\n\n<p>En primer lugar, debemos reconocer el compromiso y las fortalezas de las instituciones del Estado que en cada proceso electoral garantizan el desarrollo seguro, tranquilo y accesible, por lo que es justo nuestro agradecimiento a funcionarios y funcionarias de las fuerzas de orden y de seguridad, del Servicio Electoral (Servel) y, por supuesto, de las secretar\u00edas regionales ministeriales y de sus respectivas direcciones regionales quienes aportaron con su trabajo en todos los aspectos de la jornada.<\/p>\n\n\n\n<p>En nuestro caso, como Secretar\u00eda General de Gobierno llevamos adelante la campa\u00f1a \u201cChile Vota Informado\u201d, buscando que cada persona cuente con la informaci\u00f3n necesaria para participar y entendiendo que el voto informado fortalece el debate democr\u00e1tico y permite que todas las voces sean consideradas.<\/p>\n\n\n\n<p>Sobre la participaci\u00f3n, es importante recordar que la convocatoria a las urnas en cada primaria ha sido bastante similar, s\u00f3lo por dar un ejemplo, las Primarias Presidenciales del 2017 y las de 2025 obtuvieron una participaci\u00f3n pr\u00e1cticamente igual, con alrededor de 1.4 millones de votantes, posicionando en ese entonces al expresidente Sebasti\u00e1n Pi\u00f1era y hoy a Jeannette Jara como la lideresa del progresismo para las elecciones presidenciales de noviembre.<\/p>\n\n\n\n<p>Tambi\u00e9n, debemos recapitular que desde la promulgaci\u00f3n de la Ley de Primarias, en el a\u00f1o 2012, nuestro pa\u00eds ha establecido un sistema de primarias vinculantes donde la democracia se fortalece gracias a la oportunidad que la ciudadan\u00eda tiene para elegir a los l\u00edderes m\u00e1s representativos de cada sector. Es m\u00e1s, en los 13 a\u00f1os de historia de esta ley, hemos visto c\u00f3mo ha posicionado preliminarmente a l\u00edderes presidenciales como Michelle Bachelet en 2013, Sebasti\u00e1n Pi\u00f1era en 2017 o el mismo Presidente Gabriel Boric en 2021.<\/p>\n\n\n\n<p>En definitiva, estas primarias demuestran una vez m\u00e1s que Chile cuenta con instituciones s\u00f3lidas y una democracia sana. Por nuestra parte, como Gobierno mantenemos el compromiso de seguir garantizando todas las condiciones de seguridad, conectividad, inclusividad y acceso a la informaci\u00f3n para que las y los ciudadanos puedan hacer un pleno ejercicio de su derecho a voto en las elecciones presidenciales de noviembre y as\u00ed seguir robusteciendo nuestra democracia, porque sabemos que Chile lo construimos todos y todas.<\/p>\n\n\n\n<p><strong>Por Danitza Ortiz Viveros, Seremi de Gobierno Regi\u00f3n de Los Lagos.<\/strong><\/p>\n","protected":false},"excerpt":{"rendered":"<p>Las recientes primarias legales nos dejan varios puntos para la reflexi\u00f3n en cuanto a la vitalidad de las instituciones del Estado.<\/p>\n","protected":false},"author":1,"featured_media":29714,"comment_status":"closed","ping_status":"closed","sticky":false,"template":"","format":"standard","meta":{"footnotes":""},"categories":[3,3608,9,4419,7,3816,6,2483],"tags":[2118,2984,337,273,247,133,2424],"class_list":["post-29713","post","type-post","status-publish","format-standard","has-post-thumbnail","hentry","category-al-dia","category-estado","category-gobierno","category-gobierno-regional","category-opinion","category-partidos-politicos","category-politica","category-region","tag-semanariolocal","tag-danitza-ortiz-viveros","tag-informacion","tag-noticias","tag-region-de-los-lagos","tag-semanario-local","tag-seremi-de-gobierno"],"_links":{"self":[{"href":"https:\/\/www.semanariolocal.cl\/index.php?rest_route=\/wp\/v2\/posts\/29713","targetHints":{"allow":["GET"]}}],"collection":[{"href":"https:\/\/www.semanariolocal.cl\/index.php?rest_route=\/wp\/v2\/posts"}],"about":[{"href":"https:\/\/www.semanariolocal.cl\/index.php?rest_route=\/wp\/v2\/types\/post"}],"author":[{"embeddable":true,"href":"https:\/\/www.semanariolocal.cl\/index.php?rest_route=\/wp\/v2\/users\/1"}],"replies":[{"embeddable":true,"href":"https:\/\/www.semanariolocal.cl\/index.php?rest_route=%2Fwp%2Fv2%2Fcomments&post=29713"}],"version-history":[{"count":1,"href":"https:\/\/www.semanariolocal.cl\/index.php?rest_route=\/wp\/v2\/posts\/29713\/revisions"}],"predecessor-version":[{"id":29715,"href":"https:\/\/www.semanariolocal.cl\/index.php?rest_route=\/wp\/v2\/posts\/29713\/revisions\/29715"}],"wp:featuredmedia":[{"embeddable":true,"href":"https:\/\/www.semanariolocal.cl\/index.php?rest_route=\/wp\/v2\/media\/29714"}],"wp:attachment":[{"href":"https:\/\/www.semanariolocal.cl\/index.php?rest_route=%2Fwp%2Fv2%2Fmedia&parent=29713"}],"wp:term":[{"taxonomy":"category","embeddable":true,"href":"https:\/\/www.semanariolocal.cl\/index.php?rest_route=%2Fwp%2Fv2%2Fcategories&post=29713"},{"taxonomy":"post_tag","embeddable":true,"href":"https:\/\/www.semanariolocal.cl\/index.php?rest_route=%2Fwp%2Fv2%2Ftags&post=29713"}],"curies":[{"name":"wp","href":"https:\/\/api.w.org\/{rel}","templated":true}]}}