{"id":2971,"date":"2021-11-10T08:45:00","date_gmt":"2021-11-10T11:45:00","guid":{"rendered":"https:\/\/www.semanariolocal.cl\/?p=2971"},"modified":"2021-11-11T12:51:41","modified_gmt":"2021-11-11T15:51:41","slug":"generaciones-el-libro-de-marco-antonio-rocca","status":"publish","type":"post","link":"https:\/\/www.semanariolocal.cl\/?p=2971","title":{"rendered":"Generaciones : El libro de Marco Antonio Rocca"},"content":{"rendered":"\n<p style=\"font-size:17px\">\u201cEl concepto de generaci\u00f3n ha sido un tema relevante en las ciencias sociales y las humanidades. Como met\u00e1fora de la construcci\u00f3n social del tiempo ha sido una de las categor\u00edas m\u00e1s influyentes, no solo en el debate te\u00f3rico sino tambi\u00e9n en la esfera p\u00fablica de la investigaci\u00f3n sobre juventud. Aunque los usos y abusos que ha tenido el concepto est\u00e1n bien enraizados en el contexto europeo durante el periodo entre las dos guerras mundiales, ha tenido importancia en los debates ideol\u00f3gicos y pol\u00edticos de otras regiones. Este es un intento de retomar el concepto de generaciones desde una perspectiva hist\u00f3rica, subrayando su importancia en los debates contempor\u00e1neos\u201d.<\/p>\n\n\n\n<p style=\"font-size:17px\">Con estas palabras de introducci\u00f3n, el destacado abogado Marco Antonio Rocca comienza&nbsp;<strong><em>Generaciones<\/em><\/strong>, un libro que de manera amigable busca enriquecer el debate sobre qu\u00e9 es una generaci\u00f3n, para comprender nuestras propias trayectorias vitales y las de nuestros contempor\u00e1neos, y c\u00f3mo las generaciones y las \u00e9pocas que ellas atraviesan son de mucha importancia e influyen en la igualdad o en la desigualdad de una sociedad.<\/p>\n\n\n\n<p style=\"font-size:17px\">Aunque este no es un texto acad\u00e9mico,&nbsp;<strong><em>Generaciones<\/em><\/strong>&nbsp;profundiza en la materia con metodolog\u00eda y de forma documentada, junto con entregar un mensaje esperanzador para las generaciones venideras, marcado por la justicia social, la libertad y la fraternidad.<\/p>\n\n\n\n<p style=\"font-size:17px\">\u201cCuando se trata de promover cambios profundos es necesario mirar tambi\u00e9n hacia atr\u00e1s y, por cierto, hacia al futuro, desde lo que se est\u00e1 viviendo\u201d, asegura el autor. As\u00ed, Rocca analiza las coyunturas que impactan los h\u00e1bitos y comportamientos de las personas, transitando por distintas generaciones, como las generaciones pol\u00edticas que son aquellas marcadas por episodios como la dictadura y la transici\u00f3n; la generaci\u00f3n millennials, que se ubica de los a\u00f1os \u00b480 al 2000, con la aparici\u00f3n de Internet como hito relevante; o la generaci\u00f3n T o T\u00e1ctil, que a partir del 2011 marca a los llamados nativos digitales, que surgen con la aparici\u00f3n de la pantalla t\u00e1ctil, identificando a ese grupo con la necesidad de la inmediatez de la informaci\u00f3n.<\/p>\n\n\n\n<p style=\"font-size:17px\">Algo interesante y novedoso es que aborda tambi\u00e9n el reciente estallido social, planteando que ese evento, sumado a la pandemia, generar\u00e1 especialmente en los j\u00f3venes que lo vivieron, condiciones particulares como la necesidad de adaptarse.<\/p>\n\n\n\n<p style=\"font-size:17px\">Marco Antonio Rocca Santelices es abogado y desde su juventud particip\u00f3 activamente en pol\u00edtica, llegando a presidir la Federaci\u00f3n de Estudiantes de la Universidad de Chile (FECH) entre 1960 y 1961. Fue miembro del Consejo Universitario de esa casa de estudios y donde adem\u00e1s trabaj\u00f3 en la Asesor\u00eda Jur\u00eddica. Tambi\u00e9n se desempe\u00f1\u00f3 en el Programa de las Naciones Unidas para el Desarrollo.<\/p>\n\n\n\n<p style=\"font-size:17px\">Como profesor de Teor\u00eda del Estado y de Reforma del Estado en la Universidad Academia de Humanismo Cristiano decidi\u00f3 escribir un texto gu\u00eda para sus alumnos, el que public\u00f3 con Editorial Forja con el t\u00edtulo de&nbsp;<strong><em>Manual de Teor\u00eda del Estado<\/em><\/strong>&nbsp;(2009) y cuatro a\u00f1os m\u00e1s tarde retom\u00f3 la pluma para dejar testimonio de la vida social y pol\u00edtica del pa\u00eds en el libro&nbsp;<strong><em>Presencia de la FECH en la vida nacional 1955-1961<\/em><\/strong>&nbsp;(Ed. Forja, 2013).<\/p>\n\n\n\n<p style=\"font-size:17px\">En&nbsp;<strong><em>Generaciones<\/em><\/strong>&nbsp;el autor nos invita a creer que \u201cla antorcha de la historia humana continuar\u00e1 pasando de generaci\u00f3n en generaci\u00f3n\u201d con el objetivo de mejorarla y persistir en la b\u00fasqueda de valores de nuestra sociedad.<\/p>\n","protected":false},"excerpt":{"rendered":"<p>\u00bfDe qu\u00e9 generaci\u00f3n eres? \u00bfDe la dictadura, millennials, T? Los episodios que te haya tocado vivir en la juventud, marcar\u00e1n tu vida y la de tu generaci\u00f3n inexorablemente. Un tema interesant\u00edsimo que Marco Antonio Rocca aborda en su m\u00e1s reciente libro Generaciones<\/p>\n","protected":false},"author":1,"featured_media":2972,"comment_status":"closed","ping_status":"closed","sticky":false,"template":"","format":"standard","meta":{"footnotes":""},"categories":[10],"tags":[],"class_list":["post-2971","post","type-post","status-publish","format-standard","has-post-thumbnail","hentry","category-cultura"],"_links":{"self":[{"href":"https:\/\/www.semanariolocal.cl\/index.php?rest_route=\/wp\/v2\/posts\/2971","targetHints":{"allow":["GET"]}}],"collection":[{"href":"https:\/\/www.semanariolocal.cl\/index.php?rest_route=\/wp\/v2\/posts"}],"about":[{"href":"https:\/\/www.semanariolocal.cl\/index.php?rest_route=\/wp\/v2\/types\/post"}],"author":[{"embeddable":true,"href":"https:\/\/www.semanariolocal.cl\/index.php?rest_route=\/wp\/v2\/users\/1"}],"replies":[{"embeddable":true,"href":"https:\/\/www.semanariolocal.cl\/index.php?rest_route=%2Fwp%2Fv2%2Fcomments&post=2971"}],"version-history":[{"count":1,"href":"https:\/\/www.semanariolocal.cl\/index.php?rest_route=\/wp\/v2\/posts\/2971\/revisions"}],"predecessor-version":[{"id":2973,"href":"https:\/\/www.semanariolocal.cl\/index.php?rest_route=\/wp\/v2\/posts\/2971\/revisions\/2973"}],"wp:featuredmedia":[{"embeddable":true,"href":"https:\/\/www.semanariolocal.cl\/index.php?rest_route=\/wp\/v2\/media\/2972"}],"wp:attachment":[{"href":"https:\/\/www.semanariolocal.cl\/index.php?rest_route=%2Fwp%2Fv2%2Fmedia&parent=2971"}],"wp:term":[{"taxonomy":"category","embeddable":true,"href":"https:\/\/www.semanariolocal.cl\/index.php?rest_route=%2Fwp%2Fv2%2Fcategories&post=2971"},{"taxonomy":"post_tag","embeddable":true,"href":"https:\/\/www.semanariolocal.cl\/index.php?rest_route=%2Fwp%2Fv2%2Ftags&post=2971"}],"curies":[{"name":"wp","href":"https:\/\/api.w.org\/{rel}","templated":true}]}}