{"id":29703,"date":"2025-07-01T08:53:00","date_gmt":"2025-07-01T12:53:00","guid":{"rendered":"https:\/\/www.semanariolocal.cl\/?p=29703"},"modified":"2025-07-02T00:03:03","modified_gmt":"2025-07-02T04:03:03","slug":"vacaciones-de-invierno-y-crianza-consciente-para-un-hogar-sin-estres","status":"publish","type":"post","link":"https:\/\/www.semanariolocal.cl\/?p=29703","title":{"rendered":"Vacaciones de\u00a0 invierno\u00a0y crianza\u00a0consciente para un\u00a0hogar sin estr\u00e9s\u00a0\u00a0"},"content":{"rendered":"\n<p><strong><mark style=\"background-color:#abb8c3\" class=\"has-inline-color has-white-color\">01 de julio del 2025.-<\/mark><\/strong> Con la llegada de las vacaciones de invierno, muchos hogares se preparan para semanas en que ni\u00f1as y ni\u00f1os estar\u00e1n m\u00e1s tiempo en casa. Sin \u00a0 embargo,\u00a0 para algunas familias, esto\u00a0 puede traducirse en desorden, conflictos y agotamiento. Pero no tiene por qu\u00e9 ser as\u00ed: estos d\u00edas tambi\u00e9n pueden ser una oportunidad para fortalecer los v\u00ednculos, fomentar la autonom\u00eda y construir un ambiente familiar m\u00e1s tranquilo. Desde la mirada Montessori, esto no solo es posible, sino natural.<\/p>\n\n\n\n<p>\u201cEl enfoque Montessori se basa en el respeto profundo por el ni\u00f1o, su ritmo y su capacidad de aprendizaje natural, lo cual transforma profundamente la din\u00e1mica familiar. En vez de imponer, se acompa\u00f1a. En vez de controlar, se observa\u201d, explica&nbsp;Paulina Bobadilla, Directora de Casa de los Ni\u00f1os del&nbsp;<a href=\"https:\/\/news.lrmcomunicaciones.cl\/l\/i6MIGWjX7meCyOAON3fevQ\/PxbhaPKF62l2UTqSFstEiw\/UZqbe02svefv00YgRDA2uA\" target=\"_blank\" rel=\"noreferrer noopener\">Colegio Epullay<\/a>, con 30 a\u00f1os de trayectoria, y uno de los m\u00e1s prestigiosos en el aprendizaje basado en la filosof\u00eda Montessori.<\/p>\n\n\n\n<p>Este cambio de mirada que no&nbsp; s\u00f3lo puede ser aplicada durante&nbsp; vacaciones sino durante todo&nbsp; el&nbsp; a\u00f1o, permite que la crianza no se base en la reactividad, sino en la conexi\u00f3n. En momentos cotidianos de alto estr\u00e9s \u2014como las ma\u00f1anas agitadas, las comidas o la hora de dormir\u2014 la crianza consciente basada en Montessori propone herramientas simples pero transformadoras:<\/p>\n\n\n\n<ul class=\"wp-block-list\">\n<li>Rutinas claras y predecibles, que dan seguridad al ni\u00f1o y evitan conflictos innecesarios.<br>\u00a0<\/li>\n\n\n\n<li>Fomento de la autonom\u00eda, permitiendo que participe activamente en actividades como vestirse, ordenar o servirse, lo que reduce la frustraci\u00f3n.<br>\u00a0<\/li>\n\n\n\n<li>Validaci\u00f3n emocional, ayudando al ni\u00f1o a autorregularse desde el acompa\u00f1amiento, en lugar del castigo o el apuro.<br>\u00a0<\/li>\n\n\n\n<li>Ambientes f\u00edsicos cuidados, sin sobreestimulaci\u00f3n, con orden y accesibilidad, lo que impacta directamente en su comportamiento.<br>\u00a0<\/li>\n<\/ul>\n\n\n\n<p>\u201cCuando el hogar se convierte en un espacio pensado para el ni\u00f1o, con respeto, l\u00edmites claros y libertad guiada, las tensiones bajan y la convivencia se vuelve m\u00e1s arm\u00f3nica para todos\u201d, asegura Bobadilla.<\/p>\n\n\n\n<h3 class=\"wp-block-heading\">Montessori en casa: simple, accesible y efectivo<\/h3>\n\n\n\n<p>Una de las creencias comunes sobre este enfoque es que requiere grandes inversiones o transformaciones complejas. Pero la realidad es que Montessori puede aplicarse con peque\u00f1as adaptaciones al entorno:<\/p>\n\n\n\n<ul class=\"wp-block-list\">\n<li>Muebles a la altura del ni\u00f1o: mesitas, sillas livianas, percheros bajos o camas tipo piso.<br>\u00a0<\/li>\n\n\n\n<li>Una torre de aprendizaje (o banco seguro): para facilitar su participaci\u00f3n en la cocina o el ba\u00f1o.<br>\u00a0<\/li>\n\n\n\n<li>Juguetes simples y de materiales nobles, como madera o tela, que no hagan todo por el ni\u00f1o.<br>\u00a0<\/li>\n\n\n\n<li>Estanter\u00edas abiertas y ordenadas, en lugar de cajas cerradas.<br>\u00a0<\/li>\n\n\n\n<li>Elementos cotidianos accesibles: su propia jarra de agua, una canasta con ropa, utensilios reales pero seguros.<br>\u00a0<\/li>\n<\/ul>\n\n\n\n<p>\u201cLa clave est\u00e1 en permitir que el ni\u00f1o&nbsp;haga por s\u00ed mismo, dentro de un entorno que lo invite a explorar y participar. Esto reduce la frustraci\u00f3n tanto del ni\u00f1o como del adulto, y facilita rutinas m\u00e1s fluidas\u201d, dice la educadora.<\/p>\n\n\n\n<h3 class=\"wp-block-heading\">No se trata de hacerlo perfecto, sino con intenci\u00f3n<\/h3>\n\n\n\n<p>Para muchas madres y padres, la idea de cambiar su forma de criar puede parecer abrumadora. Pero la buena noticia, seg\u00fan Bobadilla, es que no se necesitan grandes recursos ni tiempo para comenzar.<\/p>\n\n\n\n<p>\u201cLo esencial es un cambio interno, de mirada. Por ejemplo, tomarse unos minutos al d\u00eda para observar al hijo sin intervenir: \u00bfQu\u00e9 le interesa? \u00bfQu\u00e9 puede hacer solo? Esa observaci\u00f3n es el primer paso hacia el respeto profundo\u201d, explica.<\/p>\n\n\n\n<p>Algunos consejos pr\u00e1cticos para empezar:<\/p>\n\n\n\n<ul class=\"wp-block-list\">\n<li>Hacer peque\u00f1os ajustes: bajar una canasta con calcetines, permitir que se sirva agua solo.<br>\u00a0<\/li>\n\n\n\n<li>Reducir el ritmo, aunque sea en un momento del d\u00eda.<br>\u00a0<\/li>\n\n\n\n<li>Validar emociones: \u201cVeo que est\u00e1s frustrado. Estoy aqu\u00ed contigo.\u201d<br>\u00a0<\/li>\n\n\n\n<li>Entender que Montessori no es para padres perfectos, sino para quienes quieren criar con conciencia.<br>\u00a0<\/li>\n<\/ul>\n\n\n\n<p>\u201cPeque\u00f1os gestos diarios, sostenidos en el tiempo, construyen un hogar m\u00e1s respetuoso, tranquilo y feliz\u201d, concluye Bobadilla.<\/p>\n\n\n\n<p>En estas vacaciones de invierno, m\u00e1s que entretenci\u00f3n sin pausa o rutinas r\u00edgidas, la propuesta es simple: mirar al ni\u00f1o con nuevos ojos, y transformar el hogar en un espacio de calma, autonom\u00eda y conexi\u00f3n.<\/p>\n","protected":false},"excerpt":{"rendered":"<p>\u201cCuando el hogar se convierte en un espacio pensado para el ni\u00f1o, con respeto, l\u00edmites claros y libertad guiada, las tensiones bajan y la convivencia se vuelve m\u00e1s arm\u00f3nica para todos\u201d, explica  Paulina Bobadilla, Directora de Casa de los Ni\u00f1os del Colegio Epullay, con 30 a\u00f1os de trayectoria, y uno de los m\u00e1s prestigiosos en el aprendizaje basado en la filosof\u00eda Montessori,  quien entrega claves para aplicar  este  enfoque educativo    de manera pr\u00e1ctica desde casa.  <\/p>\n","protected":false},"author":1,"featured_media":29704,"comment_status":"closed","ping_status":"closed","sticky":false,"template":"","format":"standard","meta":{"footnotes":""},"categories":[3,11,4161],"tags":[2118,77,337,273,247,133],"class_list":["post-29703","post","type-post","status-publish","format-standard","has-post-thumbnail","hentry","category-al-dia","category-educacion","category-familia","tag-semanariolocal","tag-educacion","tag-informacion","tag-noticias","tag-region-de-los-lagos","tag-semanario-local"],"_links":{"self":[{"href":"https:\/\/www.semanariolocal.cl\/index.php?rest_route=\/wp\/v2\/posts\/29703","targetHints":{"allow":["GET"]}}],"collection":[{"href":"https:\/\/www.semanariolocal.cl\/index.php?rest_route=\/wp\/v2\/posts"}],"about":[{"href":"https:\/\/www.semanariolocal.cl\/index.php?rest_route=\/wp\/v2\/types\/post"}],"author":[{"embeddable":true,"href":"https:\/\/www.semanariolocal.cl\/index.php?rest_route=\/wp\/v2\/users\/1"}],"replies":[{"embeddable":true,"href":"https:\/\/www.semanariolocal.cl\/index.php?rest_route=%2Fwp%2Fv2%2Fcomments&post=29703"}],"version-history":[{"count":1,"href":"https:\/\/www.semanariolocal.cl\/index.php?rest_route=\/wp\/v2\/posts\/29703\/revisions"}],"predecessor-version":[{"id":29705,"href":"https:\/\/www.semanariolocal.cl\/index.php?rest_route=\/wp\/v2\/posts\/29703\/revisions\/29705"}],"wp:featuredmedia":[{"embeddable":true,"href":"https:\/\/www.semanariolocal.cl\/index.php?rest_route=\/wp\/v2\/media\/29704"}],"wp:attachment":[{"href":"https:\/\/www.semanariolocal.cl\/index.php?rest_route=%2Fwp%2Fv2%2Fmedia&parent=29703"}],"wp:term":[{"taxonomy":"category","embeddable":true,"href":"https:\/\/www.semanariolocal.cl\/index.php?rest_route=%2Fwp%2Fv2%2Fcategories&post=29703"},{"taxonomy":"post_tag","embeddable":true,"href":"https:\/\/www.semanariolocal.cl\/index.php?rest_route=%2Fwp%2Fv2%2Ftags&post=29703"}],"curies":[{"name":"wp","href":"https:\/\/api.w.org\/{rel}","templated":true}]}}