{"id":29699,"date":"2025-07-01T08:10:00","date_gmt":"2025-07-01T12:10:00","guid":{"rendered":"https:\/\/www.semanariolocal.cl\/?p=29699"},"modified":"2025-07-01T23:52:21","modified_gmt":"2025-07-02T03:52:21","slug":"vacaciones-de-invierno-cuando-detenerse-tambien-ensena","status":"publish","type":"post","link":"https:\/\/www.semanariolocal.cl\/?p=29699","title":{"rendered":"Vacaciones de invierno: cuando detenerse tambi\u00e9n ense\u00f1a."},"content":{"rendered":"\n<p><strong><mark style=\"background-color:#abb8c3\" class=\"has-inline-color has-white-color\">01 de junio del 2025.- <\/mark><\/strong> Cada vez que se acercan las vacaciones de invierno, muchas familias comienzan a preguntarse en voz baja \u2014o a veces en voz alta\u2014: \u00bfy ahora qu\u00e9 hacemos con este tiempo? \u00bfDejamos que los ni\u00f1os descansen, jueguen, se aburran incluso? \u00bfO aprovechamos para adelantar lectura, repasar materias, reforzar lo \u201cpendiente\u201d?<\/p>\n\n\n\n<p>En una sociedad como la nuestra, tan aferrada al rendimiento y al hacer constante, detenerse parece sospechoso. El descanso asusta. La pausa inquieta. Y entonces aparecen los famosos cuadernillos, los talleres de reforzamiento, las lecturas \u201crecomendadas\u201d que terminan siendo casi una obligaci\u00f3n. Como si aprender fuera algo que solo ocurre con l\u00e1piz y cuaderno.<\/p>\n\n\n\n<p>Pero, \u00bfy si aprender tambi\u00e9n fuera detenerse? \u00bfDormir un poco m\u00e1s, mirar la lluvia caer por la ventana, leer algo que no entra en la prueba, pasar una tarde en silencio o entre risas, sin culpa ni presi\u00f3n?<\/p>\n\n\n\n<p>La Agencia de la Calidad de la Educaci\u00f3n ha sido clara al respecto: el bienestar emocional es clave para que exista aprendizaje. Y la OCDE insiste \u2014una y otra vez\u2014 que los sistemas educativos m\u00e1s s\u00f3lidos son aquellos que equilibran el curr\u00edculum con la salud mental, el conocimiento con la humanidad. No se aprende mejor por estudiar m\u00e1s, sino por estar bien.<\/p>\n\n\n\n<p>Despu\u00e9s de la pandemia, la UNESCO propuso con fuerza que las escuelas pongan al centro la dimensi\u00f3n socioemocional del aprendizaje. Y sin embargo, en muchos espacios seguimos viendo c\u00f3mo las vacaciones se transforman en un tercer trimestre encubierto.<\/p>\n\n\n\n<p>\u00bfSer\u00e1 que nos cuesta confiar en que el descanso tambi\u00e9n forma? Que una lectura libre vale tanto como un an\u00e1lisis literario. Que aburrirse un poco puede ser la antesala de una idea brillante. Tal como se\u00f1ala la OEI en su informe sobre cultura y educaci\u00f3n, el contacto con la lectura, el arte y el ocio creativo no es un lujo, es un derecho. Y la infancia, m\u00e1s que nadie, lo necesita.<\/p>\n\n\n\n<p>Entonces, aprovecho estas l\u00edneas para dejar una pregunta abierta, que no busca respuesta r\u00e1pida sino reflexi\u00f3n sincera: \u00bfQueremos formar estudiantes que siempre \u201crindan\u201d o personas que tambi\u00e9n sepan detenerse, contemplar y vivir con sentido? Porque quiz\u00e1s lo m\u00e1s urgente que tienen que hacer nuestros ni\u00f1os y ni\u00f1as estas vacaciones\u2026 es nada. Y eso, en estos tiempos, ya es mucho.<\/p>\n\n\n\n<p><strong>Juan Pablo Catal\u00e1n &#8211; Acad\u00e9mico e investigador de la Facultad de Educaci\u00f3n y Ciencias Sociales de la Universidad Andr\u00e9s Bello.<\/strong><\/p>\n","protected":false},"excerpt":{"rendered":"<p>La Agencia de la Calidad de la Educaci\u00f3n ha sido clara al respecto: el bienestar emocional es clave para que exista aprendizaje. <\/p>\n","protected":false},"author":1,"featured_media":29700,"comment_status":"closed","ping_status":"closed","sticky":false,"template":"","format":"standard","meta":{"footnotes":""},"categories":[3,11,7],"tags":[2118,4173,273,132,133,1822],"class_list":["post-29699","post","type-post","status-publish","format-standard","has-post-thumbnail","hentry","category-al-dia","category-educacion","category-opinion","tag-semanariolocal","tag-juan-pablo-catalan","tag-noticias","tag-osorno","tag-semanario-local","tag-universidad-andres-bello"],"_links":{"self":[{"href":"https:\/\/www.semanariolocal.cl\/index.php?rest_route=\/wp\/v2\/posts\/29699","targetHints":{"allow":["GET"]}}],"collection":[{"href":"https:\/\/www.semanariolocal.cl\/index.php?rest_route=\/wp\/v2\/posts"}],"about":[{"href":"https:\/\/www.semanariolocal.cl\/index.php?rest_route=\/wp\/v2\/types\/post"}],"author":[{"embeddable":true,"href":"https:\/\/www.semanariolocal.cl\/index.php?rest_route=\/wp\/v2\/users\/1"}],"replies":[{"embeddable":true,"href":"https:\/\/www.semanariolocal.cl\/index.php?rest_route=%2Fwp%2Fv2%2Fcomments&post=29699"}],"version-history":[{"count":2,"href":"https:\/\/www.semanariolocal.cl\/index.php?rest_route=\/wp\/v2\/posts\/29699\/revisions"}],"predecessor-version":[{"id":29702,"href":"https:\/\/www.semanariolocal.cl\/index.php?rest_route=\/wp\/v2\/posts\/29699\/revisions\/29702"}],"wp:featuredmedia":[{"embeddable":true,"href":"https:\/\/www.semanariolocal.cl\/index.php?rest_route=\/wp\/v2\/media\/29700"}],"wp:attachment":[{"href":"https:\/\/www.semanariolocal.cl\/index.php?rest_route=%2Fwp%2Fv2%2Fmedia&parent=29699"}],"wp:term":[{"taxonomy":"category","embeddable":true,"href":"https:\/\/www.semanariolocal.cl\/index.php?rest_route=%2Fwp%2Fv2%2Fcategories&post=29699"},{"taxonomy":"post_tag","embeddable":true,"href":"https:\/\/www.semanariolocal.cl\/index.php?rest_route=%2Fwp%2Fv2%2Ftags&post=29699"}],"curies":[{"name":"wp","href":"https:\/\/api.w.org\/{rel}","templated":true}]}}