{"id":29696,"date":"2025-07-01T08:10:00","date_gmt":"2025-07-01T12:10:00","guid":{"rendered":"https:\/\/www.semanariolocal.cl\/?p=29696"},"modified":"2025-07-01T23:02:12","modified_gmt":"2025-07-02T03:02:12","slug":"sercotec-los-lagos-impulsa-vinculo-entre-pymes-e-industria-salmonera","status":"publish","type":"post","link":"https:\/\/www.semanariolocal.cl\/?p=29696","title":{"rendered":"Sercotec Los Lagos impulsa v\u00ednculo entre pymes e industria salmonera"},"content":{"rendered":"\n<p><strong><mark style=\"background-color:#abb8c3\" class=\"has-inline-color has-white-color\">01 de julio del 2025.- <\/mark><\/strong>El Centro de Negocios de Sercotec Puerto Montt, en conjunto con SalmonChile AG, llev\u00f3 a cabo la primera Rueda de Negocios orientada a generar conexiones comerciales entre empresas proveedoras locales y grandes representantes de la industria salmonera. La actividad se realiz\u00f3 en INACAP sede Puerto Montt y reuni\u00f3 a emprendedores, empresas del sector, representantes de SalmonChile e instituciones vinculadas al desarrollo productivo regional.<\/p>\n\n\n\n<p>La jornada fue encabezada por Sergio Matus, jefe del Centro de Negocios, y cont\u00f3 con la participaci\u00f3n del coordinador regional de Sercotec, Claudio C\u00e1rdenas, as\u00ed como de representantes de SalmonChile y empresas acu\u00edcolas, adem\u00e1s de proveedores de servicios complementarios y profesionales del ecosistema local.<\/p>\n\n\n\n<p>Durante la actividad, las pymes presentaron sus productos y servicios t\u00e9cnicos mediante exposiciones breves, participando tambi\u00e9n en un espacio de networking orientado al intercambio de contactos y generaci\u00f3n de v\u00ednculos. El programa contempl\u00f3 adem\u00e1s la presentaci\u00f3n de soluciones en \u00e1reas como salud en terreno, dise\u00f1o, publicidad y regalos corporativos.<\/p>\n\n\n\n<p>Jessica Kramm, directora regional de Sercotec Los Lagos, valor\u00f3 el car\u00e1cter estrat\u00e9gico de la jornada, se\u00f1alando: \u201cDesde Sercotec est\u00e1n muy contentos con esta instancia in\u00e9dita, que permiti\u00f3 reunir a grandes empresas del rubro del salm\u00f3n con peque\u00f1as empresas locales, clientes del Centro de Negocios Puerto Montt. Destac\u00f3 que fue una jornada de conversaci\u00f3n, de presentaci\u00f3n de servicios y de acercamiento, con el prop\u00f3sito de que en el futuro puedan generarse acuerdos de provisi\u00f3n. Agreg\u00f3 que el objetivo de este tipo de encuentros es que las pymes puedan convertirse en proveedoras de grandes industrias, y que existe plena convicci\u00f3n de que en la regi\u00f3n hay talento, capacidades y servicios de calidad para responder a esas demandas. Por ello, indic\u00f3, se seguir\u00e1n impulsando este tipo de conexiones que fortalecen el ecosistema local y abren nuevas oportunidades.\u201d<\/p>\n\n\n\n<p>En la misma l\u00ednea, Claudio C\u00e1rdenas, coordinador regional de Sercotec, destac\u00f3 que: \u201cEstas ruedas permiten acercar a los clientes a la demanda, superando la l\u00f3gica del subsidio y avanzando hacia la comercializaci\u00f3n directa. A su juicio, este tipo de espacios permite que las empresas crezcan, aumenten sus redes y ventas, y den un salto en su competitividad.\u201d<\/p>\n\n\n\n<p>Por su parte, Sergio Matus, jefe del Centro de Negocios Sercotec Puerto Montt, explic\u00f3 \u201cEsta iniciativa naci\u00f3 en octubre de 2024, tras un primer encuentro con representantes de la industria salmonera. Se\u00f1al\u00f3 que esta actividad marca el punto de partida de una agenda de vinculaci\u00f3n m\u00e1s amplia, y que pr\u00f3ximamente esperan concretar una segunda rueda de negocios en comunas de la regi\u00f3n.\u201d<\/p>\n\n\n\n<p>Esta jornada representa un paso clave en la estrategia de articulaci\u00f3n territorial de Sercotec Los Lagos, que busca generar nuevas oportunidades de mercado para las micro y peque\u00f1as empresas de la regi\u00f3n, promoviendo relaciones sostenibles entre el emprendimiento local y sectores estrat\u00e9gicos de la econom\u00eda.<\/p>\n","protected":false},"excerpt":{"rendered":"<p>El objetivo de la actividad fue vincular a peque\u00f1as empresas con grandes actores del sector acu\u00edcola de la regi\u00f3n.<\/p>\n","protected":false},"author":1,"featured_media":29697,"comment_status":"closed","ping_status":"closed","sticky":false,"template":"","format":"standard","meta":{"footnotes":""},"categories":[3828,3123,2493,3802,3590],"tags":[2118,337,273,247,133],"class_list":["post-29696","post","type-post","status-publish","format-standard","has-post-thumbnail","hentry","category-industria-del-salmon","category-litoral","category-pesca","category-pesca-artesanal","category-pymes","tag-semanariolocal","tag-informacion","tag-noticias","tag-region-de-los-lagos","tag-semanario-local"],"_links":{"self":[{"href":"https:\/\/www.semanariolocal.cl\/index.php?rest_route=\/wp\/v2\/posts\/29696","targetHints":{"allow":["GET"]}}],"collection":[{"href":"https:\/\/www.semanariolocal.cl\/index.php?rest_route=\/wp\/v2\/posts"}],"about":[{"href":"https:\/\/www.semanariolocal.cl\/index.php?rest_route=\/wp\/v2\/types\/post"}],"author":[{"embeddable":true,"href":"https:\/\/www.semanariolocal.cl\/index.php?rest_route=\/wp\/v2\/users\/1"}],"replies":[{"embeddable":true,"href":"https:\/\/www.semanariolocal.cl\/index.php?rest_route=%2Fwp%2Fv2%2Fcomments&post=29696"}],"version-history":[{"count":1,"href":"https:\/\/www.semanariolocal.cl\/index.php?rest_route=\/wp\/v2\/posts\/29696\/revisions"}],"predecessor-version":[{"id":29698,"href":"https:\/\/www.semanariolocal.cl\/index.php?rest_route=\/wp\/v2\/posts\/29696\/revisions\/29698"}],"wp:featuredmedia":[{"embeddable":true,"href":"https:\/\/www.semanariolocal.cl\/index.php?rest_route=\/wp\/v2\/media\/29697"}],"wp:attachment":[{"href":"https:\/\/www.semanariolocal.cl\/index.php?rest_route=%2Fwp%2Fv2%2Fmedia&parent=29696"}],"wp:term":[{"taxonomy":"category","embeddable":true,"href":"https:\/\/www.semanariolocal.cl\/index.php?rest_route=%2Fwp%2Fv2%2Fcategories&post=29696"},{"taxonomy":"post_tag","embeddable":true,"href":"https:\/\/www.semanariolocal.cl\/index.php?rest_route=%2Fwp%2Fv2%2Ftags&post=29696"}],"curies":[{"name":"wp","href":"https:\/\/api.w.org\/{rel}","templated":true}]}}