{"id":2968,"date":"2021-11-10T09:42:00","date_gmt":"2021-11-10T12:42:00","guid":{"rendered":"https:\/\/www.semanariolocal.cl\/?p=2968"},"modified":"2021-11-11T12:44:26","modified_gmt":"2021-11-11T15:44:26","slug":"alcalde-carrillo-solicito-hospital-de-mediana-complejidad-para-rahue-alto","status":"publish","type":"post","link":"https:\/\/www.semanariolocal.cl\/?p=2968","title":{"rendered":"Alcalde Carrillo solicit\u00f3 hospital de mediana complejidad para Rahue Alto"},"content":{"rendered":"\n<p style=\"font-size:17px\">El petitorio lo plante\u00f3 el jefe comunal, en el marco de la visita que este mi\u00e9rcoles realizara el Ministro de Salud a nuestra ciudad, ocasi\u00f3n en la que el alcalde tambi\u00e9n le solicit\u00f3 al Secretario de Estado la necesidad de reanudar las obras del nuevo Centro de Salud Familiar de Chuyaca, que incluir\u00e1 el Servicio de Alta Resolutividad (SAR), trabajos que hasta el d\u00eda de hoy se mantienen paralizados, con un estado de avance menor, a pesar de haber iniciado faenas en abril del 2018.<\/p>\n\n\n\n<p style=\"font-size:17px\">Emeterio Carrillo manifest\u00f3 que entre los compromisos que asumi\u00f3 cuando fue electo como alcalde de Osorno, estaba precisamente el inicio de las gestiones para lograr la construcci\u00f3n de un hospital de mediana complejidad para Rahue, considerando -dijo- \u201c<strong><em>que este sector re\u00fane una poblaci\u00f3n que bordea las 60 mil personas, y como tal ello contribuir\u00eda a descongestionar el Hospital Base San Jos\u00e9, y al mismo tiempo una mejor atenci\u00f3n para los rahuinos en su propio recinto de salud<\/em><\/strong>\u201d.<\/p>\n\n\n\n<p style=\"font-size:17px\">Al respecto, el Ministro Paris manifest\u00f3 que estudiar\u00e1 las peticiones de Osorno, enfatizando en que para avanzar en las gestiones referidas al Hospital de Rahue, resulta necesario contar con el apoyo de los parlamentarios de la zona, para que pueda sumar aliados al nuevo proyecto, ya que son ellos los que apruebas el presupuesto de la naci\u00f3n, subray\u00f3.<\/p>\n\n\n\n<p style=\"font-size:17px\">Otro de los puntos abordados por el Alcalde de Osorno junto al Ministro de Salud, fue la necesidad de contar con el apoyo del Gobierno para la reposici\u00f3n del Cesfam de Rahue Alto, proyecto que considera una inversi\u00f3n cercana a los siete mil millones de pesos, obra a erigirse en terrenos municipales en calle Acapulco con El Salvador, lado complejo deportivo.<\/p>\n","protected":false},"excerpt":{"rendered":"<p>El petitorio lo plante\u00f3 el jefe comunal, en el marco de la visita que este mi\u00e9rcoles realizara el Ministro de Salud a nuestra ciudad, ocasi\u00f3n en la que el alcalde tambi\u00e9n le solicit\u00f3 al Secretario de Estado la necesidad de reanudar las obras del nuevo Centro de Salud Familiar de Chuyaca, que incluir\u00e1 el Servicio&#8230;<a class=\"btnReadMore\" href=\"https:\/\/www.semanariolocal.cl\/?p=2968\"> Leer M\u00e1s<\/a><\/p>\n","protected":false},"author":1,"featured_media":2969,"comment_status":"closed","ping_status":"closed","sticky":false,"template":"","format":"standard","meta":{"footnotes":""},"categories":[3,9],"tags":[],"class_list":["post-2968","post","type-post","status-publish","format-standard","has-post-thumbnail","hentry","category-al-dia","category-gobierno"],"_links":{"self":[{"href":"https:\/\/www.semanariolocal.cl\/index.php?rest_route=\/wp\/v2\/posts\/2968","targetHints":{"allow":["GET"]}}],"collection":[{"href":"https:\/\/www.semanariolocal.cl\/index.php?rest_route=\/wp\/v2\/posts"}],"about":[{"href":"https:\/\/www.semanariolocal.cl\/index.php?rest_route=\/wp\/v2\/types\/post"}],"author":[{"embeddable":true,"href":"https:\/\/www.semanariolocal.cl\/index.php?rest_route=\/wp\/v2\/users\/1"}],"replies":[{"embeddable":true,"href":"https:\/\/www.semanariolocal.cl\/index.php?rest_route=%2Fwp%2Fv2%2Fcomments&post=2968"}],"version-history":[{"count":1,"href":"https:\/\/www.semanariolocal.cl\/index.php?rest_route=\/wp\/v2\/posts\/2968\/revisions"}],"predecessor-version":[{"id":2970,"href":"https:\/\/www.semanariolocal.cl\/index.php?rest_route=\/wp\/v2\/posts\/2968\/revisions\/2970"}],"wp:featuredmedia":[{"embeddable":true,"href":"https:\/\/www.semanariolocal.cl\/index.php?rest_route=\/wp\/v2\/media\/2969"}],"wp:attachment":[{"href":"https:\/\/www.semanariolocal.cl\/index.php?rest_route=%2Fwp%2Fv2%2Fmedia&parent=2968"}],"wp:term":[{"taxonomy":"category","embeddable":true,"href":"https:\/\/www.semanariolocal.cl\/index.php?rest_route=%2Fwp%2Fv2%2Fcategories&post=2968"},{"taxonomy":"post_tag","embeddable":true,"href":"https:\/\/www.semanariolocal.cl\/index.php?rest_route=%2Fwp%2Fv2%2Ftags&post=2968"}],"curies":[{"name":"wp","href":"https:\/\/api.w.org\/{rel}","templated":true}]}}