{"id":29660,"date":"2025-06-28T08:10:00","date_gmt":"2025-06-28T12:10:00","guid":{"rendered":"https:\/\/www.semanariolocal.cl\/?p=29660"},"modified":"2025-06-29T00:38:00","modified_gmt":"2025-06-29T04:38:00","slug":"agricultores-redisenan-sus-campos-y-recuperan-practicas-ancestrales","status":"publish","type":"post","link":"https:\/\/www.semanariolocal.cl\/?p=29660","title":{"rendered":"Agricultores redise\u00f1an sus campos y recuperan pr\u00e1cticas ancestrales"},"content":{"rendered":"\n<p><strong><mark style=\"background-color:#abb8c3\" class=\"has-inline-color has-white-color\">28 de Junio del 2025.- <\/mark><\/strong> Como parte de esta transformaci\u00f3n, se desarroll\u00f3 un completo calendario de capacitaciones grupales, cuyo tema central fue el Dise\u00f1o Predial Agroecol\u00f3gico. Estas actividades se ejecutaron de manera simult\u00e1nea en cuatro provincias de la regi\u00f3n: San Antonio, Valpara\u00edso, Marga Marga y Quillota, permitiendo a los productores compartir experiencias y conocimientos desde distintas comunas.<\/p>\n\n\n\n<p>Los encuentros se llevaron a cabo en lugares claves para cada territorio: Santo Domingo, sector El Convento en el predio de Judith Pe\u00f1ailillo; Casablanca en el sector Las Dichas, predio de propiedad de Carmen C\u00e1rdenas; Cartagena en el predio de Claudio Ochoa; y en las provincias de Marga Marga y Quillota, en Nogales en el predio de Rosa D\u00edaz, en Limache predio de Enrique Jorquera y en La Cruz predio de H\u00e9ctor Argando\u00f1a.<\/p>\n\n\n\n<p>Las jornadas fueron dirigidas por el Dr. Aart Osman junto a los asesores del TAS, Pablo Espinoza (para Marga Marga y Quillota) y Gabriel Castro (para Valpara\u00edso y San Antonio), quienes contaron adem\u00e1s con el valioso respaldo de los profesionales de las Oficinas de \u00c1rea de INDAP y de los equipos Prodesales de cada comuna, garantizando un trabajo articulado, territorial y con enfoque en el fortalecimiento de redes locales.<\/p>\n\n\n\n<p>Para el equipo de INIA y los asesores TAS, este programa no solo mejora la producci\u00f3n, sino que fortalece la identidad rural, el sentido de pertenencia y el compromiso con una agricultura que cuida la tierra, el agua y las comunidades.<\/p>\n\n\n\n<p><strong>Gabriel Castro, asesor del programa en la provincia de Valpara\u00edso y San Antonio,<\/strong> relata c\u00f3mo estas capacitaciones han permitido realizar un diagn\u00f3stico agroecol\u00f3gico predial, identificando las brechas en biodiversidad, manejo de residuos, reciclaje de nutrientes, materia org\u00e1nica en el suelo y conexiones ecol\u00f3gicas entre los componentes del predio.<\/p>\n\n\n\n<p>\u201cCada agricultor dibuj\u00f3 su campo, sus gallineros, huertos, composteras, zonas de cultivo, y juntos detectamos qu\u00e9 elementos agroecol\u00f3gicos les faltaba incorporar. Luego, los redise\u00f1aron con las mejoras propuestas. Fue muy potente ver c\u00f3mo ellos mismos identificaron los cambios necesarios\u201d, se\u00f1ala Castro.<\/p>\n\n\n\n<p><strong>Para Pablo Espinoza, tambi\u00e9n asesor TAS<\/strong>, para las provincias de Quillota y Marga Marga, el valor de estas actividades radica en que los agricultores reflexionan sobre sus sue\u00f1os, sus prioridades productivas y las posibilidades reales de mejorar la sostenibilidad de su campo. \u201cMuchos incorporaron biof\u00e1bricas, bandas florales o mejoras en el suelo. Pero lo m\u00e1s valioso fue verlos interactuar, compartir ideas y proyectar alianzas futuras\u201d, comenta.<\/p>\n\n\n\n<p><strong>Dr. Aart Osman, experto en agroecolog\u00eda de INIA, destaca<\/strong> que estos talleres son esenciales para reconectar a los productores con los principios de la agroecolog\u00eda, como aumentar la biodiversidad, reciclar nutrientes y eliminar gradualmente el uso de agroqu\u00edmicos. \u201cLos agricultores valoran estas instancias y lo aplican de inmediato en su campo\u201d, afirma.<\/p>\n\n\n\n<p>Testimonios que inspiran<\/p>\n\n\n\n<p><strong>La agricultora Judith Pe\u00f1ailillo, del sector Las Vi\u00f1as en Santo Domingo<\/strong>, cuenta con orgullo c\u00f3mo gracias al TAS mejor\u00f3 su sistema de riego. \u201cPlantaba solo en bancales, pero me faltaba agua al sembrar en tierra. Con la ayuda del asesor, implementamos un sistema de riego directo desde un bid\u00f3n. Eso me cambi\u00f3 la vida, ahora puedo plantar m\u00e1s\u201d, relata.<\/p>\n\n\n\n<p><strong>En Casablanca, Carmen C\u00e1rdenas valor\u00f3<\/strong> la asesor\u00eda para optimizar el uso del agua y mejorar la fertilizaci\u00f3n natural de su huerto. \u201cEl TAS lleg\u00f3 justo cuando m\u00e1s lo necesitaba. Aprend\u00ed a hacer compost, aplicar biofertilizantes y a planificar mejor mi predio\u201d, comenta.<\/p>\n\n\n\n<p><strong>Desde Lo Gallardo, San Antonio, Camilo Guzm\u00e1n, dedicado <\/strong>a las hortalizas, considera que el programa ha sido un aporte t\u00e9cnico y humano invaluable. \u201cGracias al TAS mejor\u00e9 mi sistema de riego, manejo el suelo de forma m\u00e1s natural y aprend\u00ed a usar biofertilizantes. Mi sue\u00f1o es que un d\u00eda pueda vivir solo de lo que produzca con mis manos\u201d, dice emocionado.<\/p>\n\n\n\n<p><strong>La agricultora Sonia Far\u00edas, de Santo Domingo,<\/strong> valora especialmente el aprendizaje de t\u00e9cnicas naturales y el cambio de mentalidad. \u201cAntes pensaba que la agricultura era solo con qu\u00edmicos. Hoy aplico fertilizantes naturales, uso compost, y siento que nuestra producci\u00f3n es m\u00e1s sana para todos\u201d, comenta.<\/p>\n\n\n\n<p>Por su parte, <strong>Catalina Chac\u00f3n, de Algarrobo<\/strong>, destaca c\u00f3mo el TAS le devolvi\u00f3 su conexi\u00f3n con la tierra tras jubilarse. \u201cEste programa me cambi\u00f3 la vida. Mi parcela pas\u00f3 de estar abandonada a tener huerta, invernadero y hasta lombricultura. Fue justo lo que andaba buscando\u201d, asegura.<\/p>\n\n\n\n<p><strong>Claudio Ochoa, de Cartagena,<\/strong> se mostr\u00f3 sorprendido por los resultados del uso de biofertilizantes. \u201cMejoraron mis suelos, resistieron mejor las heladas y ahora veo que es posible producir sin tanto qu\u00edmico. Esto me dio las herramientas para atreverme\u201d, cuenta.<\/p>\n\n\n\n<p><strong>Enrique Jorquera, agricultor de Limache<\/strong>, comparti\u00f3 su experiencia y motivaci\u00f3n para mantenerse activo en el campo, liderando un proyecto de tomates tradicionales que inici\u00f3 en 2013, cuando decidi\u00f3 recuperar el sabor de los tomates antiguos y acercarlos nuevamente a la gente. \u201cPartimos regalando tomates en las verduler\u00edas para que la gente volviera a probar su sabor de verdad\u201d, record\u00f3.<\/p>\n\n\n\n<p>Enrique valor\u00f3 c\u00f3mo la demanda creci\u00f3 de boca en boca, llegando incluso a mercados y supermercados interesados en estas variedades no intervenidas, cultivadas sin agroqu\u00edmicos y bajo condiciones tradicionales. Reconoci\u00f3 que el cambio clim\u00e1tico y la escasez h\u00eddrica han hecho m\u00e1s dif\u00edcil la tarea, pero asegura que sigue con la misma energ\u00eda y pasi\u00f3n de siempre. <em>\u201cMe siento orgulloso, no me canso. La mente la tengo como si tuviera 15 a\u00f1os\u201d<\/em>, afirm\u00f3, destacando que su mayor satisfacci\u00f3n es mantener viva la forma ancestral de cultivar y contribuir a una agricultura m\u00e1s natural y saludable.<\/p>\n\n\n\n<p><strong>Ang\u00e9lica Rojo, productora del sector Los Caleos en Nogales<\/strong>, destac\u00f3 el valor de estos talleres por el intercambio de experiencias entre agricultores. \u201cEstos talleres enriquecen porque uno comparte ideas con otros. Por ejemplo, yo tengo abejas, y otros tambi\u00e9n, pero de otra forma. As\u00ed vamos aprendiendo e intercambiando\u201d, coment\u00f3. Adem\u00e1s, valor\u00f3 c\u00f3mo estas capacitaciones han aportado a ordenar y mejorar la gesti\u00f3n de su predio, avanzando hacia una producci\u00f3n m\u00e1s natural y org\u00e1nica.<\/p>\n\n\n\n<p>\u201cQueremos dejar los qu\u00edmicos y producir alimentos m\u00e1s saludables para nosotros, nuestras familias y la comunidad. Estos espacios nos permiten crecer en forma m\u00e1s natural, compartir sue\u00f1os y aprender en conjunto\u201d, se\u00f1al\u00f3 Ang\u00e9lica, quien adem\u00e1s es t\u00e9cnico agr\u00edcola y decidi\u00f3 quedarse en el campo para trabajar la tierra y mantener viva su vocaci\u00f3n.<\/p>\n\n\n\n<p>\u201cEsta actividad es en beneficio de todos, porque nos permite ver qu\u00e9 tenemos, qu\u00e9 nos falta y c\u00f3mo podemos avanzar. Compartimos ideas, expusimos nuestros terrenos y, a partir de eso, fuimos mejorando con nuevas propuestas. Lo m\u00e1s valioso es que nos deja como ense\u00f1anza que siempre se puede mejorar, crecer y que necesitamos m\u00e1s apoyo para seguir desarroll\u00e1ndonos en lo que estamos\u201d, expres\u00f3 emocionada.<\/p>\n\n\n\n<p>Entre los beneficiarios que han valorado profundamente esta experiencia se encuentra <strong>Rosa D\u00edaz, productora de paltos, hortalizas y nogales del sector El Garret\u00f3n. <\/strong>Para ella, la actividad de dise\u00f1ar sus predios y compartir con otros agricultores ha sido una oportunidad para identificar dificultades comunes, recibir apoyo mutuo y proyectar mejoras concretas para sus producciones.<\/p>\n\n\n\n<p>El testimonio de Rosa refleja el sentido comunitario y colaborativo que impulsa el Programa de Transici\u00f3n a la Agricultura Sostenible, donde cada jornada no solo entrega herramientas t\u00e9cnicas, sino que tambi\u00e9n fortalece redes y v\u00ednculos entre productores, generando aprendizajes compartidos y nuevas perspectivas para el futuro de la agricultura familiar campesina.<\/p>\n\n\n\n<p>Este modelo de trabajo, que combina capacitaciones participativas, diagn\u00f3sticos prediales y asesor\u00edas t\u00e9cnicas continuas, no solo ha demostrado ser efectivo en la Regi\u00f3n de Valpara\u00edso, sino que tambi\u00e9n se ha replicado exitosamente en otras regiones del pa\u00eds, ya que el Programa de Transici\u00f3n a la Agricultura Sostenible cuenta con cobertura nacional. Esto ha permitido adaptar las pr\u00e1cticas agroecol\u00f3gicas a distintas realidades territoriales, fortaleciendo la agricultura familiar campesina y promoviendo una gesti\u00f3n m\u00e1s sustentable de los recursos.<\/p>\n\n\n\n<p>Los profesionales a cargo de este programa se mostraron muy satisfechos con los resultados alcanzados en terreno, destacando no solo el compromiso de los agricultores, sino tambi\u00e9n el impacto positivo que estas pr\u00e1cticas est\u00e1n generando en sus sistemas productivos. Coinciden en que este es el camino para construir la agricultura del futuro: integrando conocimientos ancestrales, ciencia aplicada y, sobre todo, reconociendo el valor de la experiencia, la voz y las manos de quienes d\u00eda a d\u00eda cultivan la tierra y alimentan a las comunidades.<\/p>\n","protected":false},"excerpt":{"rendered":"<p>Una iniciativa de cobertura nacional de INDAP ejecutada por INIA, que en la Regi\u00f3n de Valpara\u00edso benefici\u00f3 a 65 peque\u00f1os productores han comenzado a redise\u00f1ar sus predios y adoptar pr\u00e1cticas agroecol\u00f3gicas acorde a sus realidades locales.<\/p>\n","protected":false},"author":1,"featured_media":29661,"comment_status":"closed","ping_status":"closed","sticky":false,"template":"","format":"standard","meta":{"footnotes":""},"categories":[4333,20,3,2541,2514],"tags":[2118,337,557,2379,2072,273,247,133],"class_list":["post-29660","post","type-post","status-publish","format-standard","has-post-thumbnail","hentry","category-agricultura-familiar","category-agro","category-al-dia","category-investigacion","category-tecnologia","tag-semanariolocal","tag-informacion","tag-inia","tag-inia-chile","tag-inia-la-cruz","tag-noticias","tag-region-de-los-lagos","tag-semanario-local"],"_links":{"self":[{"href":"https:\/\/www.semanariolocal.cl\/index.php?rest_route=\/wp\/v2\/posts\/29660","targetHints":{"allow":["GET"]}}],"collection":[{"href":"https:\/\/www.semanariolocal.cl\/index.php?rest_route=\/wp\/v2\/posts"}],"about":[{"href":"https:\/\/www.semanariolocal.cl\/index.php?rest_route=\/wp\/v2\/types\/post"}],"author":[{"embeddable":true,"href":"https:\/\/www.semanariolocal.cl\/index.php?rest_route=\/wp\/v2\/users\/1"}],"replies":[{"embeddable":true,"href":"https:\/\/www.semanariolocal.cl\/index.php?rest_route=%2Fwp%2Fv2%2Fcomments&post=29660"}],"version-history":[{"count":1,"href":"https:\/\/www.semanariolocal.cl\/index.php?rest_route=\/wp\/v2\/posts\/29660\/revisions"}],"predecessor-version":[{"id":29662,"href":"https:\/\/www.semanariolocal.cl\/index.php?rest_route=\/wp\/v2\/posts\/29660\/revisions\/29662"}],"wp:featuredmedia":[{"embeddable":true,"href":"https:\/\/www.semanariolocal.cl\/index.php?rest_route=\/wp\/v2\/media\/29661"}],"wp:attachment":[{"href":"https:\/\/www.semanariolocal.cl\/index.php?rest_route=%2Fwp%2Fv2%2Fmedia&parent=29660"}],"wp:term":[{"taxonomy":"category","embeddable":true,"href":"https:\/\/www.semanariolocal.cl\/index.php?rest_route=%2Fwp%2Fv2%2Fcategories&post=29660"},{"taxonomy":"post_tag","embeddable":true,"href":"https:\/\/www.semanariolocal.cl\/index.php?rest_route=%2Fwp%2Fv2%2Ftags&post=29660"}],"curies":[{"name":"wp","href":"https:\/\/api.w.org\/{rel}","templated":true}]}}