{"id":29654,"date":"2025-06-28T08:00:00","date_gmt":"2025-06-28T12:00:00","guid":{"rendered":"https:\/\/www.semanariolocal.cl\/?p=29654"},"modified":"2025-06-29T00:27:01","modified_gmt":"2025-06-29T04:27:01","slug":"llaman-a-los-municipios-a-acelerar-procesos-para-definir-cartera-de-proyectos-2026","status":"publish","type":"post","link":"https:\/\/www.semanariolocal.cl\/?p=29654","title":{"rendered":"Llaman a los municipios a acelerar procesos para definir cartera de proyectos 2026"},"content":{"rendered":"\n<p><strong><mark style=\"background-color:#abb8c3\" class=\"has-inline-color has-white-color\">28 de junio del 2025.- <\/mark><\/strong> En el marco de una nueva sesi\u00f3n de la Comisi\u00f3n Provincial Llanquihue del Consejo Regional (CORE), se pudo conocer y evaluar el estado actual de los proyectos que los municipios de la provincia han presentado con miras al presupuesto regional 2026.<\/p>\n\n\n\n<p>Durante la jornada, se analizaron un total de 168 iniciativas ingresadas al Gobierno Regional, de las cuales solo el 21% corresponden a nuevos proyectos, mientras que el resto corresponde a iniciativas de arrastre, es decir, que ya formaban parte de presupuestos anteriores. En este contexto, destacan las comunas de Puerto Montt y Calbuco por la cantidad de propuestas que buscan concretar a partir del pr\u00f3ximo a\u00f1o.<\/p>\n\n\n\n<p>El vicepresidente de la Comisi\u00f3n Provincial Llanquihue, C\u00e9sar Negr\u00f3n, hizo un llamado a los equipos t\u00e9cnicos municipales a acelerar los procesos de formulaci\u00f3n y validaci\u00f3n t\u00e9cnica de sus iniciativas. \u201cEs s\u00faper importante que los municipios logren la aprobaci\u00f3n t\u00e9cnica de los proyectos que quieren priorizar para el pr\u00f3ximo a\u00f1o antes del 31 de octubre. Adem\u00e1s, los insto a que presenten propuestas no solo de infraestructura, sino tambi\u00e9n en \u00e1reas como salud, educaci\u00f3n y deporte, donde hay muchas oportunidades que a\u00fan no se est\u00e1n aprovechando\u201d, recalc\u00f3.<\/p>\n\n\n\n<p>Por su parte, la consejera Yasna V\u00e1squez, valor\u00f3 la diversidad de iniciativas presentadas, particularmente aquellas con enfoque comunitario. \u201cSe han ingresado importantes proyectos de infraestructura, pero tambi\u00e9n vemos propuestas muy necesarias en seguridad, salud y mejoramiento de espacios p\u00fablicos. Hay postulaciones para la reposici\u00f3n de postas, apoyo a bomberos, m\u00f3viles policiales y programas de pesquisa temprana de c\u00e1ncer. Estos proyectos generan un alto impacto en la calidad de vida de la comunidad\u201d, se\u00f1al\u00f3.<\/p>\n\n\n\n<p>Uno de los municipios que destac\u00f3 en la reuni\u00f3n fue Calbuco, cuya cartera fue ampliamente destacada por los consejeros. Su alcalde, Marco Silva, expres\u00f3 su satisfacci\u00f3n por los avances logrados: \u201cEstamos muy conformes con la visita a la Comisi\u00f3n Provincial de Llanquihue. Hoy se definieron las \u00e1reas estrat\u00e9gicas regionales de inversi\u00f3n y Calbuco es la segunda comuna con mayor inversi\u00f3n p\u00fablica del Gobierno Regional. Vinimos a defender nuestros proyectos y a proyectar el desarrollo que queremos para nuestra comuna\u201d, afirm\u00f3.<\/p>\n\n\n\n<p>El siguiente paso en este proceso corresponde a la revisi\u00f3n t\u00e9cnica de los proyectos por parte del Ministerio de Desarrollo Social, cuyos informes deben estar concluidos a m\u00e1s tardar el 31 de octubre. Con estos antecedentes, el Consejo Regional espera contar con la cartera definitiva de cada comuna para su inclusi\u00f3n en el presupuesto regional 2026.<\/p>\n","protected":false},"excerpt":{"rendered":"<p>El vicepresidente de la Comisi\u00f3n Provincial Llanquihue, C\u00e9sar Negr\u00f3n, hizo un llamado a los equipos t\u00e9cnicos municipales a acelerar los procesos de formulaci\u00f3n y validaci\u00f3n t\u00e9cnica de sus iniciativas.<\/p>\n","protected":false},"author":1,"featured_media":29655,"comment_status":"closed","ping_status":"closed","sticky":false,"template":"","format":"standard","meta":{"footnotes":""},"categories":[3,8,2494,4419,2495,2483],"tags":[2118,337,4435,273,4434,247,133],"class_list":["post-29654","post","type-post","status-publish","format-standard","has-post-thumbnail","hentry","category-al-dia","category-comunas","category-core","category-gobierno-regional","category-gore","category-region","tag-semanariolocal","tag-informacion","tag-iniciativas-comunales","tag-noticias","tag-proyectos","tag-region-de-los-lagos","tag-semanario-local"],"_links":{"self":[{"href":"https:\/\/www.semanariolocal.cl\/index.php?rest_route=\/wp\/v2\/posts\/29654","targetHints":{"allow":["GET"]}}],"collection":[{"href":"https:\/\/www.semanariolocal.cl\/index.php?rest_route=\/wp\/v2\/posts"}],"about":[{"href":"https:\/\/www.semanariolocal.cl\/index.php?rest_route=\/wp\/v2\/types\/post"}],"author":[{"embeddable":true,"href":"https:\/\/www.semanariolocal.cl\/index.php?rest_route=\/wp\/v2\/users\/1"}],"replies":[{"embeddable":true,"href":"https:\/\/www.semanariolocal.cl\/index.php?rest_route=%2Fwp%2Fv2%2Fcomments&post=29654"}],"version-history":[{"count":1,"href":"https:\/\/www.semanariolocal.cl\/index.php?rest_route=\/wp\/v2\/posts\/29654\/revisions"}],"predecessor-version":[{"id":29656,"href":"https:\/\/www.semanariolocal.cl\/index.php?rest_route=\/wp\/v2\/posts\/29654\/revisions\/29656"}],"wp:featuredmedia":[{"embeddable":true,"href":"https:\/\/www.semanariolocal.cl\/index.php?rest_route=\/wp\/v2\/media\/29655"}],"wp:attachment":[{"href":"https:\/\/www.semanariolocal.cl\/index.php?rest_route=%2Fwp%2Fv2%2Fmedia&parent=29654"}],"wp:term":[{"taxonomy":"category","embeddable":true,"href":"https:\/\/www.semanariolocal.cl\/index.php?rest_route=%2Fwp%2Fv2%2Fcategories&post=29654"},{"taxonomy":"post_tag","embeddable":true,"href":"https:\/\/www.semanariolocal.cl\/index.php?rest_route=%2Fwp%2Fv2%2Ftags&post=29654"}],"curies":[{"name":"wp","href":"https:\/\/api.w.org\/{rel}","templated":true}]}}