{"id":29641,"date":"2025-06-25T11:43:00","date_gmt":"2025-06-25T15:43:00","guid":{"rendered":"https:\/\/www.semanariolocal.cl\/?p=29641"},"modified":"2025-06-28T23:52:58","modified_gmt":"2025-06-29T03:52:58","slug":"conoces-la-ley-sanna-seguramente-no","status":"publish","type":"post","link":"https:\/\/www.semanariolocal.cl\/?p=29641","title":{"rendered":"\u00bfConoces la Ley SANNA? Seguramente no.\u00a0"},"content":{"rendered":"\n<p><strong><mark style=\"background-color:#abb8c3\" class=\"has-inline-color has-white-color\">24 de Junio del 2025.- <\/mark><\/strong>La Ley SANNA, de 2018, reconoce el derecho de madres y padres a acompa\u00f1ar a sus hijos e hijas cuando enfrentan enfermedades graves otorgando licencias m\u00e9dicas con goce de sueldo.\u00a0<\/p>\n\n\n\n<p>Pero muchas familias no acceden al beneficio porque ni ellas, ni el personal de la red de salud saben que existe: \u00bfde qu\u00e9 sirve un beneficio si quienes lo necesitan no saben que existe? A esto se suma un punto a\u00fan m\u00e1s grave: no todas las familias pueden acceder. Por ejemplo, quienes pertenecen a las Fuerzas Armadas y del Orden est\u00e1n excluidos de la Ley SANNA. \u00bfEl resultado? familias sin sueldo durante meses, en medio de una crisis de salud.&nbsp;<\/p>\n\n\n\n<p>Y volvamos al origen, esta ley busca proteger a los ni\u00f1os, ni\u00f1as y adolescentes que enfrentan una enfermedad grave, que necesitan padres con estabilidad emocional y econ\u00f3mica, para no seguir perjudicando su desgaste f\u00edsico y emocional.&nbsp;<\/p>\n\n\n\n<p>Desde la Mesa de Salud de la Comunidad de Organizaciones Solidarias hacemos un llamado para difundir este derecho. Un ni\u00f1o enfermo no puede esperar a que los adultos se informen. Es urgente hacer efectivo este derecho, y una deuda pendiente.&nbsp;<\/p>\n\n\n\n<p>Mesa de Salud Comunidad de Organizaciones Solidarias&nbsp;<\/p>\n\n\n\n<p>Beatriz Troncoso, Corporaci\u00f3n Oncomam\u00e1s<\/p>\n\n\n\n<p>Monica Gana, Fundaci\u00f3n Casa Familia<\/p>\n\n\n\n<p>Evelyn Vargas, Corporaci\u00f3n Yo Mujer<\/p>\n\n\n\n<p><\/p>\n","protected":false},"excerpt":{"rendered":"<p>Mientras el debate p\u00fablico se enfoca en el mal uso de licencias m\u00e9dicas, parece un mal momento defender su existencia. Pero esta carta es un recordatorio de quienes m\u00e1s las necesitan y son invisibles.<\/p>\n","protected":false},"author":1,"featured_media":29642,"comment_status":"closed","ping_status":"closed","sticky":false,"template":"","format":"standard","meta":{"footnotes":""},"categories":[3,3579,4161,3858,3823,2484],"tags":[2118,4431,4430,4432,337,273,247,133],"class_list":["post-29641","post","type-post","status-publish","format-standard","has-post-thumbnail","hentry","category-al-dia","category-carta-al-director","category-familia","category-fundaciones","category-ong","category-salud","tag-semanariolocal","tag-corporacion-oncomamas","tag-corporacion-yo-mujer","tag-fundacion-casa-familia","tag-informacion","tag-noticias","tag-region-de-los-lagos","tag-semanario-local"],"_links":{"self":[{"href":"https:\/\/www.semanariolocal.cl\/index.php?rest_route=\/wp\/v2\/posts\/29641","targetHints":{"allow":["GET"]}}],"collection":[{"href":"https:\/\/www.semanariolocal.cl\/index.php?rest_route=\/wp\/v2\/posts"}],"about":[{"href":"https:\/\/www.semanariolocal.cl\/index.php?rest_route=\/wp\/v2\/types\/post"}],"author":[{"embeddable":true,"href":"https:\/\/www.semanariolocal.cl\/index.php?rest_route=\/wp\/v2\/users\/1"}],"replies":[{"embeddable":true,"href":"https:\/\/www.semanariolocal.cl\/index.php?rest_route=%2Fwp%2Fv2%2Fcomments&post=29641"}],"version-history":[{"count":1,"href":"https:\/\/www.semanariolocal.cl\/index.php?rest_route=\/wp\/v2\/posts\/29641\/revisions"}],"predecessor-version":[{"id":29643,"href":"https:\/\/www.semanariolocal.cl\/index.php?rest_route=\/wp\/v2\/posts\/29641\/revisions\/29643"}],"wp:featuredmedia":[{"embeddable":true,"href":"https:\/\/www.semanariolocal.cl\/index.php?rest_route=\/wp\/v2\/media\/29642"}],"wp:attachment":[{"href":"https:\/\/www.semanariolocal.cl\/index.php?rest_route=%2Fwp%2Fv2%2Fmedia&parent=29641"}],"wp:term":[{"taxonomy":"category","embeddable":true,"href":"https:\/\/www.semanariolocal.cl\/index.php?rest_route=%2Fwp%2Fv2%2Fcategories&post=29641"},{"taxonomy":"post_tag","embeddable":true,"href":"https:\/\/www.semanariolocal.cl\/index.php?rest_route=%2Fwp%2Fv2%2Ftags&post=29641"}],"curies":[{"name":"wp","href":"https:\/\/api.w.org\/{rel}","templated":true}]}}