{"id":2962,"date":"2021-11-10T08:00:00","date_gmt":"2021-11-10T11:00:00","guid":{"rendered":"https:\/\/www.semanariolocal.cl\/?p=2962"},"modified":"2021-11-11T12:30:53","modified_gmt":"2021-11-11T15:30:53","slug":"postergan-plazo-para-propuestas-ciudadanas-para-nueva-constitucion","status":"publish","type":"post","link":"https:\/\/www.semanariolocal.cl\/?p=2962","title":{"rendered":"Postergan plazo para propuestas ciudadanas para nueva Constituci\u00f3n"},"content":{"rendered":"\n<p style=\"font-size:17px\">Las comisiones constituyentes ya entraron en el debate de fondo sobre las normas que propondr\u00e1n para una nueva Carta Magna. Este lunes deber\u00eda haber comenzado la recepci\u00f3n de propuestas de la ciudadan\u00eda para incluir temas o normas en la nueva Constituci\u00f3n, pero se anunci\u00f3 una postergaci\u00f3n en el plazo, para que la legitimidad del trabajo sea entregada por la propia ciudadan\u00eda.<\/p>\n\n\n\n<p style=\"font-size:17px\">El derecho a la vivienda, el uso del agua, salud, materias de g\u00e9nero y mucho m\u00e1s, son las ideas que hoy ciudadanas y ciudadanos buscan incorporar en la Nueva Constituci\u00f3n. As\u00ed, este aplazamiento de fecha se alinea con la idea de contar con una participaci\u00f3n representativa de los territorios del pa\u00eds.<\/p>\n\n\n\n<p style=\"font-size:17px\">Para Rodrigo Gil, abogado e impulsor de Imagina Chile, proyecto que impulsa la participaci\u00f3n ciudadana y que hoy cuenta con m\u00e1s de 1700 ideas de las y los chilenos, coment\u00f3 que \u00abla extensi\u00f3n de plazo que se da para la presentaci\u00f3n de iniciativas de norma constitucional, es una decisi\u00f3n que va en la l\u00ednea de lo correcto, porque permite garantizar que efectivamente est\u00e9 disponible la plataforma durante el tiempo de 60 d\u00edas que establece el reglamento\u00bb.<\/p>\n\n\n\n<p style=\"font-size:17px\">\u00abLa alteraci\u00f3n tiene como fin respetar el reglamento que se dict\u00f3 en la constituyente y garantizar as\u00ed un tiempo previo de recepci\u00f3n y reflexi\u00f3n de las propuestas ciudadanas y que estas sean consideradas para la construcci\u00f3n de la Nueva Carta Magna. Con este cambio se asegura que los 60 d\u00edas est\u00e1n garantizados\u00bb, agreg\u00f3.<\/p>\n","protected":false},"excerpt":{"rendered":"<p>Constituyentes anunciaron aplazar esta fecha ya que no est\u00e1 habilitado a\u00fan el formulario para las propuestas ciudadanas, proceso fundamental para garantizar la participaci\u00f3n de todas y todos en la redacci\u00f3n de la Nueva Constituci\u00f3n. La nueva fecha ser\u00eda este 22 de noviembre. <\/p>\n","protected":false},"author":1,"featured_media":2963,"comment_status":"closed","ping_status":"closed","sticky":false,"template":"","format":"standard","meta":{"footnotes":""},"categories":[3,6],"tags":[],"class_list":["post-2962","post","type-post","status-publish","format-standard","has-post-thumbnail","hentry","category-al-dia","category-politica"],"_links":{"self":[{"href":"https:\/\/www.semanariolocal.cl\/index.php?rest_route=\/wp\/v2\/posts\/2962","targetHints":{"allow":["GET"]}}],"collection":[{"href":"https:\/\/www.semanariolocal.cl\/index.php?rest_route=\/wp\/v2\/posts"}],"about":[{"href":"https:\/\/www.semanariolocal.cl\/index.php?rest_route=\/wp\/v2\/types\/post"}],"author":[{"embeddable":true,"href":"https:\/\/www.semanariolocal.cl\/index.php?rest_route=\/wp\/v2\/users\/1"}],"replies":[{"embeddable":true,"href":"https:\/\/www.semanariolocal.cl\/index.php?rest_route=%2Fwp%2Fv2%2Fcomments&post=2962"}],"version-history":[{"count":1,"href":"https:\/\/www.semanariolocal.cl\/index.php?rest_route=\/wp\/v2\/posts\/2962\/revisions"}],"predecessor-version":[{"id":2964,"href":"https:\/\/www.semanariolocal.cl\/index.php?rest_route=\/wp\/v2\/posts\/2962\/revisions\/2964"}],"wp:featuredmedia":[{"embeddable":true,"href":"https:\/\/www.semanariolocal.cl\/index.php?rest_route=\/wp\/v2\/media\/2963"}],"wp:attachment":[{"href":"https:\/\/www.semanariolocal.cl\/index.php?rest_route=%2Fwp%2Fv2%2Fmedia&parent=2962"}],"wp:term":[{"taxonomy":"category","embeddable":true,"href":"https:\/\/www.semanariolocal.cl\/index.php?rest_route=%2Fwp%2Fv2%2Fcategories&post=2962"},{"taxonomy":"post_tag","embeddable":true,"href":"https:\/\/www.semanariolocal.cl\/index.php?rest_route=%2Fwp%2Fv2%2Ftags&post=2962"}],"curies":[{"name":"wp","href":"https:\/\/api.w.org\/{rel}","templated":true}]}}