{"id":29562,"date":"2025-06-25T11:30:00","date_gmt":"2025-06-25T15:30:00","guid":{"rendered":"https:\/\/www.semanariolocal.cl\/?p=29562"},"modified":"2025-06-25T22:37:26","modified_gmt":"2025-06-26T02:37:26","slug":"bernales-presenta-proyecto-de-ley-para-sancionar-malos-tratos-en-el-transporte-publico","status":"publish","type":"post","link":"https:\/\/www.semanariolocal.cl\/?p=29562","title":{"rendered":"Bernales presenta proyecto de Ley para sancionar malos tratos en el transporte p\u00fablico"},"content":{"rendered":"\n<p><strong><mark style=\"background-color:#abb8c3\" class=\"has-inline-color has-white-color\">25 de Junio del 2025.-<\/mark><\/strong> En el marco de un conversatorio con dirigentes estudiantiles de la Regi\u00f3n de Los Lagos, el diputado del Distrito 26, Alejandro Bernales, present\u00f3 un proyecto de Ley que busca proteger a usuarios del transporte p\u00fablico \u2014especialmente estudiantes, adultos mayores y personas con discapacidad\u2014 frente a malos tratos y cobros indebidos. La iniciativa establece sanciones para conductores que no respeten la tarifa estudiantil debidamente acreditada o que incurran en actos de violencia verbal o f\u00edsica, con multas que podr\u00edan alcanzar los $200.000.<\/p>\n\n\n\n<p>\u201cLamentablemente hemos visto im\u00e1genes que recorrieron el pa\u00eds, mostrando agresiones f\u00edsicas de choferes a estudiantes. No vamos a permitir m\u00e1s malos tratos. Por eso ingresamos este proyecto, que busca sancionar a los responsables y garantizar el respeto en el transporte p\u00fablico\u201d, se\u00f1al\u00f3 el parlamentario, destacando que la iniciativa ya cuenta con el respaldo de organizaciones estudiantiles.<\/p>\n\n\n\n<p>Desde el mundo estudiantil, la propuesta fue ampliamente valorada. Jaime Alvarado, presidente del Centro de Alumnos del Liceo de Hombres Manuel Montt, afirm\u00f3: \u201cNos parece una excelente propuesta. No podemos seguir permitiendo estos tratos hacia los estudiantes\u201d. \u00d3scar Alvarado, delegado de Cultura del mismo liceo, a\u00f1adi\u00f3: \u201cEs clave que existan canales seguros, an\u00f3nimos y eficaces para denunciar este tipo de violencia\u201d. Por su parte, Laura Huentelican, presidenta del Centro de Alumnos del Colegio Bosquemar, se\u00f1al\u00f3 que el proyecto \u201cnos dar\u00e1 m\u00e1s seguridad, porque los malos tratos tambi\u00e9n nos da\u00f1an psicol\u00f3gicamente\u201d. Desde la educaci\u00f3n superior, Antonio Beyer, dirigente estudiantil de la Universidad Austral de Chile, expres\u00f3: \u201cEstamos comprometidos en apoyar este tipo de iniciativas. Nos afecta como universitarios, pero tambi\u00e9n como ciudadanos. Valoramos que se proteja la dignidad de quienes usamos el transporte p\u00fablico d\u00eda a d\u00eda\u201d.<\/p>\n\n\n\n<p><\/p>\n","protected":false},"excerpt":{"rendered":"<p>El proyecto ser\u00e1 ingresado formalmente en los pr\u00f3ximos d\u00edas y se espera que avance con el respaldo transversal de m\u00e1s parlamentarios y organizaciones sociales.<\/p>\n","protected":false},"author":1,"featured_media":29563,"comment_status":"closed","ping_status":"closed","sticky":false,"template":"","format":"standard","meta":{"footnotes":""},"categories":[3,3816,6,2483,4395],"tags":[2118,337,273,247,133],"class_list":["post-29562","post","type-post","status-publish","format-standard","has-post-thumbnail","hentry","category-al-dia","category-partidos-politicos","category-politica","category-region","category-sociedad","tag-semanariolocal","tag-informacion","tag-noticias","tag-region-de-los-lagos","tag-semanario-local"],"_links":{"self":[{"href":"https:\/\/www.semanariolocal.cl\/index.php?rest_route=\/wp\/v2\/posts\/29562","targetHints":{"allow":["GET"]}}],"collection":[{"href":"https:\/\/www.semanariolocal.cl\/index.php?rest_route=\/wp\/v2\/posts"}],"about":[{"href":"https:\/\/www.semanariolocal.cl\/index.php?rest_route=\/wp\/v2\/types\/post"}],"author":[{"embeddable":true,"href":"https:\/\/www.semanariolocal.cl\/index.php?rest_route=\/wp\/v2\/users\/1"}],"replies":[{"embeddable":true,"href":"https:\/\/www.semanariolocal.cl\/index.php?rest_route=%2Fwp%2Fv2%2Fcomments&post=29562"}],"version-history":[{"count":1,"href":"https:\/\/www.semanariolocal.cl\/index.php?rest_route=\/wp\/v2\/posts\/29562\/revisions"}],"predecessor-version":[{"id":29564,"href":"https:\/\/www.semanariolocal.cl\/index.php?rest_route=\/wp\/v2\/posts\/29562\/revisions\/29564"}],"wp:featuredmedia":[{"embeddable":true,"href":"https:\/\/www.semanariolocal.cl\/index.php?rest_route=\/wp\/v2\/media\/29563"}],"wp:attachment":[{"href":"https:\/\/www.semanariolocal.cl\/index.php?rest_route=%2Fwp%2Fv2%2Fmedia&parent=29562"}],"wp:term":[{"taxonomy":"category","embeddable":true,"href":"https:\/\/www.semanariolocal.cl\/index.php?rest_route=%2Fwp%2Fv2%2Fcategories&post=29562"},{"taxonomy":"post_tag","embeddable":true,"href":"https:\/\/www.semanariolocal.cl\/index.php?rest_route=%2Fwp%2Fv2%2Ftags&post=29562"}],"curies":[{"name":"wp","href":"https:\/\/api.w.org\/{rel}","templated":true}]}}