{"id":29549,"date":"2025-06-25T11:20:43","date_gmt":"2025-06-25T15:20:43","guid":{"rendered":"https:\/\/www.semanariolocal.cl\/?p=29549"},"modified":"2025-06-25T11:20:45","modified_gmt":"2025-06-25T15:20:45","slug":"innovadora-plataforma-mapa-termico-para-mejorar-la-eficiencia-energetica-en-viviendas","status":"publish","type":"post","link":"https:\/\/www.semanariolocal.cl\/?p=29549","title":{"rendered":"Innovadora Plataforma Mapa T\u00e9rmico para mejorar la eficiencia energ\u00e9tica en viviendas"},"content":{"rendered":"\n<p><strong><mark style=\"background-color:#abb8c3\" class=\"has-inline-color has-white-color\">25 de junio del 2025.- <\/mark><\/strong> Con gran orgullo, la C\u00e1mara Chilena de la Construcci\u00f3n (CChC) Osorno celebr\u00f3 el lanzamiento oficial de Mapa T\u00e9rmico, una plataforma digital pionera que permitir\u00e1 a la ciudadan\u00eda, empresas e instituciones p\u00fablicas identificar oportunidades de mejora en el desempe\u00f1o energ\u00e9tico de las viviendas en la ciudad.<\/p>\n\n\n\n<p>La iniciativa, presentada el martes 17 de junio en el auditorio de la CChC, es el resultado de un esfuerzo conjunto entre el mundo acad\u00e9mico, p\u00fablico y privado, liderado por la Universidad Austral de Chile y el Instituto Forestal (INFOR); \u201cMapa T\u00e9rmico\u201d es un proyecto FONDEF financiado por ANID y apoyado por los Ministerios de Vivienda y Urbanismo, Medio Ambiente y Energ\u00eda. Desde sus primeras etapas, la Comisi\u00f3n de Eficiencia Energ\u00e9tica de la CChC Osorno, encabezada por Osvaldo Mu\u00f1oz, ha sido parte activa del proceso, aportando la mirada t\u00e9cnica y sectorial desde la construcci\u00f3n. \u201cEsta iniciativa refleja de manera concreta lo que podemos lograr cuando el mundo p\u00fablico, privado y acad\u00e9mico trabaja de manera colaborativa, con un prop\u00f3sito com\u00fan: mejorar la calidad de vida de las personas y avanzar hacia un desarrollo m\u00e1s sustentable\u201d, se\u00f1al\u00f3 Felipe Pavez, presidente de la CChC Osorno.<\/p>\n\n\n\n<p>Una herramienta al servicio de las personas y la ciudad<\/p>\n\n\n\n<p>\u201cMapa T\u00e9rmico\u201d es una plataforma digital que tiene como objetivo principal reducir las brechas de informaci\u00f3n sobre la eficiencia energ\u00e9tica de las viviendas en el sur de Chile. A trav\u00e9s de herramientas accesibles y visuales, la plataforma permite a los usuarios conocer el desempe\u00f1o energ\u00e9tico de sus hogares y del entorno, facilitando la toma de decisiones informadas sobre mejoras de eficiencia energ\u00e9tica.<\/p>\n\n\n\n<p>La plataforma conecta a personas, empresas y organismos p\u00fablicos, promoviendo la ejecuci\u00f3n de soluciones de mejoramiento t\u00e9rmico. Adem\u00e1s, \u201cMapa T\u00e9rmico\u201d contribuye a focalizar pol\u00edticas p\u00fablicas, priorizando intervenciones en sectores vulnerables y zonas con bajo desempe\u00f1o energ\u00e9tico.<\/p>\n\n\n\n<p>En resumen, Mapa T\u00e9rmico es un instrumento que busca empoderar a la ciudadan\u00eda, apoyar a los tomadores de decisi\u00f3n y aportar al desarrollo de viviendas m\u00e1s confortables, eficientes y sostenibles.\u201cSabemos que la eficiencia energ\u00e9tica en viviendas no solo es una necesidad ambiental, sino tambi\u00e9n social y econ\u00f3mica\u201d, agreg\u00f3 Pavez. \u201cEste proyecto permite acercar el conocimiento t\u00e9cnico a la ciudadan\u00eda, con herramientas pr\u00e1cticas, visuales y accesibles\u201d.<\/p>\n\n\n\n<p>Una ciudad piloto con potencial de impacto<\/p>\n\n\n\n<p>Seg\u00fan explic\u00f3 la acad\u00e9mica Dra. Alejandra Schueftan, del Instituto de Arquitectura y Urbanismo de la Facultad de Arquitectura y Artes de la Universidad Austral de Chile, Osorno fue escogida como ciudad piloto por sus altos \u00edndices de contaminaci\u00f3n atmosf\u00e9rica y pobreza energ\u00e9tica. \u201cEste \u2018Mapa T\u00e9rmico\u2019 permite visibilizar aspectos t\u00e9cnicos de forma simple, facilitando decisiones informadas sobre c\u00f3mo mejorar las viviendas por etapas, reduciendo consumo, gasto y contaminaci\u00f3n\u201d, destac\u00f3 la investigadora.<\/p>\n\n\n\n<p>Durante julio, la plataforma \u201cMapa T\u00e9rmico\u201d estar\u00e1 disponible para conocimiento y uso de todo el p\u00fablico.<\/p>\n","protected":false},"excerpt":{"rendered":"<p>La herramienta, desarrollada por la Dra. Alejandra Schueftan y el equipo del proyecto FONDEF, es una iniciativa apoyada por instituciones p\u00fablicas y privadas, que busca reducir la pobreza energ\u00e9tica y fomentar la inversi\u00f3n en reacondicionamiento t\u00e9rmico.<\/p>\n","protected":false},"author":1,"featured_media":29550,"comment_status":"closed","ping_status":"closed","sticky":false,"template":"","format":"standard","meta":{"footnotes":""},"categories":[2406,4161,2483,2484],"tags":[2118,337,273,132,247,133],"class_list":["post-29549","post","type-post","status-publish","format-standard","has-post-thumbnail","hentry","category-empresas","category-familia","category-region","category-salud","tag-semanariolocal","tag-informacion","tag-noticias","tag-osorno","tag-region-de-los-lagos","tag-semanario-local"],"_links":{"self":[{"href":"https:\/\/www.semanariolocal.cl\/index.php?rest_route=\/wp\/v2\/posts\/29549","targetHints":{"allow":["GET"]}}],"collection":[{"href":"https:\/\/www.semanariolocal.cl\/index.php?rest_route=\/wp\/v2\/posts"}],"about":[{"href":"https:\/\/www.semanariolocal.cl\/index.php?rest_route=\/wp\/v2\/types\/post"}],"author":[{"embeddable":true,"href":"https:\/\/www.semanariolocal.cl\/index.php?rest_route=\/wp\/v2\/users\/1"}],"replies":[{"embeddable":true,"href":"https:\/\/www.semanariolocal.cl\/index.php?rest_route=%2Fwp%2Fv2%2Fcomments&post=29549"}],"version-history":[{"count":1,"href":"https:\/\/www.semanariolocal.cl\/index.php?rest_route=\/wp\/v2\/posts\/29549\/revisions"}],"predecessor-version":[{"id":29551,"href":"https:\/\/www.semanariolocal.cl\/index.php?rest_route=\/wp\/v2\/posts\/29549\/revisions\/29551"}],"wp:featuredmedia":[{"embeddable":true,"href":"https:\/\/www.semanariolocal.cl\/index.php?rest_route=\/wp\/v2\/media\/29550"}],"wp:attachment":[{"href":"https:\/\/www.semanariolocal.cl\/index.php?rest_route=%2Fwp%2Fv2%2Fmedia&parent=29549"}],"wp:term":[{"taxonomy":"category","embeddable":true,"href":"https:\/\/www.semanariolocal.cl\/index.php?rest_route=%2Fwp%2Fv2%2Fcategories&post=29549"},{"taxonomy":"post_tag","embeddable":true,"href":"https:\/\/www.semanariolocal.cl\/index.php?rest_route=%2Fwp%2Fv2%2Ftags&post=29549"}],"curies":[{"name":"wp","href":"https:\/\/api.w.org\/{rel}","templated":true}]}}