{"id":29546,"date":"2025-06-25T11:13:52","date_gmt":"2025-06-25T15:13:52","guid":{"rendered":"https:\/\/www.semanariolocal.cl\/?p=29546"},"modified":"2025-06-25T11:13:54","modified_gmt":"2025-06-25T15:13:54","slug":"como-adaptamos-nuestras-viviendas-al-clima-extremo","status":"publish","type":"post","link":"https:\/\/www.semanariolocal.cl\/?p=29546","title":{"rendered":"C\u00f3mo adaptamos nuestras viviendas al clima extremo"},"content":{"rendered":"\n<p><strong><mark style=\"background-color:#abb8c3\" class=\"has-inline-color has-white-color\">25 de Junio del 2025.- <\/mark><\/strong>Durante el invierno, el sur de nuestro pa\u00eds es escenario de temporales de viento, lluvia y nieve, pero el cambio clim\u00e1tico est\u00e1 llevando esta realidad al extremo. Ejemplos de ello fueron el tornado que azot\u00f3 a Puerto Varas o los 90 mm de agua que cayeron en solo 12 horas en Punta Arenas en mayo pasado.<\/p>\n\n\n\n<p>\u201cEstamos observando sistemas frontales de mayor intensidad y duraci\u00f3n, adem\u00e1s de otros fen\u00f3menos anormales, que generan una serie de afectaciones a las ciudades. Desde el punto de vista del desarrollo residencial, es importante planearse ir m\u00e1s all\u00e1 de lo que establece la normativa vigente, para mejorar el confort t\u00e9rmico y la seguridad de las viviendas\u201d, expone Crist\u00f3bal Torretti, gerente de Desarrollo de Inmobiliaria Altas Cumbres.<\/p>\n\n\n\n<p>A lo anterior se suma que, a partir de julio, las cuentas de la luz en todo Chile experimentar\u00e1n un nuevo ajuste. Seg\u00fan datos oficiales de la Comisi\u00f3n Nacional de Energ\u00eda (CNE), el alza promedio nacional ser\u00e1 de 7,1%. \u201cpor lo tanto, calefaccionar los hogares sin aumentar el consumo el\u00e9ctrico es otro de los desaf\u00edos que se deben abordar\u201d, agrega el ejecutivo.<\/p>\n\n\n\n<p>Para mitigar estas problem\u00e1ticas, Torretti plantea que la incorporaci\u00f3n de estrategias en eficiencia energ\u00e9tica, dise\u00f1o arquitect\u00f3nico y materiales m\u00e1s resistentes son \u00fatiles para mejorar el desempe\u00f1o de las viviendas. \u201cSe ha comprobado que mejorar el aislamiento t\u00e9rmico de las construcciones, evita las p\u00e9rdidas de calor, lo que reduce el consumo de calefacci\u00f3n, mientras que el dise\u00f1o de sistemas de ventilaci\u00f3n pasivos permite ventilar de manera aut\u00f3noma las viviendas, eliminando la condensaci\u00f3n y la humedad al interior de los hogares\u201d, explica.<\/p>\n\n\n\n<p>Para evitar que los materiales de construcci\u00f3n pierdan su durabilidad o generen roturas o grietas, hay que usar revestimientos que est\u00e9n adaptados para resistir las condiciones clim\u00e1ticas del sur. \u201cPor ejemplo, hemos comprobado que el revestimiento de PVC Vinyl Siding es el que tiene mejor comportamiento frente a la lluvia y la nieve, es antihongos, antitermitas, autoextinguible y cuenta con filtro UV. En terminaciones, son preferibles los marcos de ventana de PVC, ya que cuentan con un coeficiente de conductividad t\u00e9rmica mejor que el aluminio\u201d, sostiene.<\/p>\n\n\n\n<p>Finalmente, el ejecutivo de Inmobiliaria Altas Cumbres entrega algunas recomendaciones y mantenciones para las viviendas ya construidas, que deben realizarse previo a la temporada oto\u00f1o-invierno o antes de un pron\u00f3stico meteorol\u00f3gico intenso:<\/p>\n\n\n\n<ul class=\"wp-block-list\">\n<li>Reemplazar los sellos exteriores de las ventanas una vez al a\u00f1o y volver a revisarlos antes de cada invierno. En caso de ser necesario, reemplazarlos o corregir cualquier problema utilizando silicona neutra.<\/li>\n\n\n\n<li>Realizar la revisi\u00f3n y limpieza de bajadas de agua lluvia y canaletas para evitar obstrucci\u00f3n durante su funcionamiento. Cuidar que no se acumule nieve en las canaletas, retir\u00e1ndola despu\u00e9s de las nevadas.<\/li>\n\n\n\n<li>Examinar techos, sellando perforaciones o reparando tejas levantadas para evitar goteras.<\/li>\n\n\n\n<li>Lavar el revestimiento exterior de Vinyl Siding a lo menos una vez al a\u00f1o, especialmente en las zonas donde se pueda acumular polvo.<\/li>\n\n\n\n<li>Hacer mantenimiento preventivo a los sistemas de calefacci\u00f3n con el servicio t\u00e9cnico autorizado o del instalador.<\/li>\n<\/ul>\n","protected":false},"excerpt":{"rendered":"<p>La combinaci\u00f3n de sistemas frontales m\u00e1s intensos y la nueva alza de tarifas el\u00e9ctricas plantean el desaf\u00edo de repensar nuestras viviendas en el sur de Chile.<\/p>\n","protected":false},"author":1,"featured_media":29547,"comment_status":"closed","ping_status":"closed","sticky":false,"template":"","format":"standard","meta":{"footnotes":""},"categories":[3,4284,4161,2484,4395],"tags":[2118,337,273,247,133],"class_list":["post-29546","post","type-post","status-publish","format-standard","has-post-thumbnail","hentry","category-al-dia","category-economia-familiar","category-familia","category-salud","category-sociedad","tag-semanariolocal","tag-informacion","tag-noticias","tag-region-de-los-lagos","tag-semanario-local"],"_links":{"self":[{"href":"https:\/\/www.semanariolocal.cl\/index.php?rest_route=\/wp\/v2\/posts\/29546","targetHints":{"allow":["GET"]}}],"collection":[{"href":"https:\/\/www.semanariolocal.cl\/index.php?rest_route=\/wp\/v2\/posts"}],"about":[{"href":"https:\/\/www.semanariolocal.cl\/index.php?rest_route=\/wp\/v2\/types\/post"}],"author":[{"embeddable":true,"href":"https:\/\/www.semanariolocal.cl\/index.php?rest_route=\/wp\/v2\/users\/1"}],"replies":[{"embeddable":true,"href":"https:\/\/www.semanariolocal.cl\/index.php?rest_route=%2Fwp%2Fv2%2Fcomments&post=29546"}],"version-history":[{"count":1,"href":"https:\/\/www.semanariolocal.cl\/index.php?rest_route=\/wp\/v2\/posts\/29546\/revisions"}],"predecessor-version":[{"id":29548,"href":"https:\/\/www.semanariolocal.cl\/index.php?rest_route=\/wp\/v2\/posts\/29546\/revisions\/29548"}],"wp:featuredmedia":[{"embeddable":true,"href":"https:\/\/www.semanariolocal.cl\/index.php?rest_route=\/wp\/v2\/media\/29547"}],"wp:attachment":[{"href":"https:\/\/www.semanariolocal.cl\/index.php?rest_route=%2Fwp%2Fv2%2Fmedia&parent=29546"}],"wp:term":[{"taxonomy":"category","embeddable":true,"href":"https:\/\/www.semanariolocal.cl\/index.php?rest_route=%2Fwp%2Fv2%2Fcategories&post=29546"},{"taxonomy":"post_tag","embeddable":true,"href":"https:\/\/www.semanariolocal.cl\/index.php?rest_route=%2Fwp%2Fv2%2Ftags&post=29546"}],"curies":[{"name":"wp","href":"https:\/\/api.w.org\/{rel}","templated":true}]}}