{"id":29519,"date":"2025-06-22T00:05:00","date_gmt":"2025-06-22T04:05:00","guid":{"rendered":"https:\/\/www.semanariolocal.cl\/?p=29519"},"modified":"2025-06-22T00:31:03","modified_gmt":"2025-06-22T04:31:03","slug":"el-rechazo-social-una-punalada-al-corazon-de-las-personas-y-a-su-autoestima","status":"publish","type":"post","link":"https:\/\/www.semanariolocal.cl\/?p=29519","title":{"rendered":"El rechazo social: una pu\u00f1alada al coraz\u00f3n de las personas y a su autoestima"},"content":{"rendered":"\n<p><strong><mark style=\"background-color:#abb8c3\" class=\"has-inline-color has-white-color\">22 de junio del 2025.- <\/mark><\/strong> Hoy en d\u00eda tenemos a demasiadas personas en el mundo que son objeto de crueles burlas y de rechazo social, sea que se trate de ni\u00f1os, de j\u00f3venes o de adultos. Todas ellas sufren por igual, cuando, por distintas razones, son objeto de: (a) burlas crueles y de mal gusto, (b) cuando son excluidas y rechazadas por sus pares, (c) cuando son insultadas, amenazadas o <strong>\u201ctroleadas\u201d<\/strong> v\u00eda redes sociales a trav\u00e9s del ciberbullying.<\/p>\n\n\n\n<p>Esta experiencia representa un verdadero ataque a la imagen y a la autoestima del sujeto afectado, con efectos y consecuencias que son devastadores, ya que estas personas experimentan un alto nivel de impotencia, estr\u00e9s y frustraci\u00f3n por no poder defenderse, vi\u00e9ndose obligadas a vivir momentos de mucha rabia e indignaci\u00f3n por las feas im\u00e1genes que son exhibidas, por ejemplo, en las redes sociales.<\/p>\n\n\n\n<p>Uno de los resultados de estas experiencias, es que estas personas tienden a encerrarse en s\u00ed mismas y a evitar el contacto con las dem\u00e1s personas, todo lo cual, puede conducir a los afectados(as) a caer en severos trastornos emocionales, depresi\u00f3n incluida. En tanto que otras personas m\u00e1s sensibles, intentan suicidarse, a ra\u00edz de su incapacidad para soportar tanta maldad y atropellos.<\/p>\n\n\n\n<p>Por lo general, la v\u00edctima de turno es una persona que no molesta ni incordia a nadie, raz\u00f3n por la cual, la persona se pregunta qu\u00e9 es lo que pudo haber hecho para merecer este tipo de rechazo, burla o maltrato del que es objeto, salvo ser poseedor de un rasgo o caracter\u00edstica personal del cual no puede liberarse porque naci\u00f3 con ese <strong>\u201crasgo\u201d, <\/strong>tal como, por ejemplo: padecer de autismo o del s\u00edndrome de Asperger, tener la piel muy oscura, presentar alg\u00fan tipo de discapacidad, ser muy gordo o muy flaco, porque usa lente muy gruesos, por ser una persona poco agraciada f\u00edsicamente, etc.<\/p>\n\n\n\n<p>Son actitudes, ataques y conductas muy cobardes, ya que demasiado a menudo, las personas que realizan estos actos lo hacen en grupos, o bien, se esconden bajo perfiles falsos con la finalidad de causar da\u00f1o a los dem\u00e1s, sin temor a ser enfrentados, descubiertos y castigados. Se trata de un ataque a la dignidad de las personas, el cual, adem\u00e1s de causar mucho dolor a las v\u00edctimas, representa una ofensa gratuita, donde se ha perdido todo el respeto por la persona afectada.<\/p>\n\n\n\n<p>En este sentido, cuando hablamos, por ejemplo, del acoso a trav\u00e9s de las redes sociales, estos actos generan una serie de emociones negativas en las personas que los sufren: rabia, dolor, amargura, estr\u00e9s, depresi\u00f3n, baja autoestima, ideaci\u00f3n suicida e intentos de suicidio, algunos de ellos, con \u00e9xito.<\/p>\n\n\n\n<p>En ciertas ocasiones, cuando el causante del acoso logra ser identificado por la v\u00edctima, ello puede conducir a reacciones muy violentas en contra del victimario como una forma de venganza o de retaliaci\u00f3n por el da\u00f1o sufrido.<\/p>\n\n\n\n<p>Por otra parte, tambi\u00e9n debemos considerar el caso de los ni\u00f1os y ni\u00f1as poco populares, es decir, aquellos ni\u00f1os que nadie elige para la pr\u00e1ctica de un juego o deporte colectivo, a pesar del gran deseo que tienen estos chicos y chicas de integrarse y participar de la actividad grupal. Tambi\u00e9n est\u00e1n esos otros ni\u00f1os y ni\u00f1as que nadie invita a un baile o a una fiesta de Cumplea\u00f1os, quedando siempre de lado y fuera del c\u00edrculo social. Asimismo, hay ni\u00f1os que dan la impresi\u00f3n de ser <strong>\u201cinvisibles ante los ojos de los dem\u00e1s\u201d<\/strong>: nadie del grupo de iguales se digna dirigirles la palabra.<\/p>\n\n\n\n<p>Para muchos de estos ni\u00f1os y j\u00f3venes, esta experiencia de rechazo o burla sistem\u00e1tica puede ser emocionalmente devastadora y traum\u00e1tica, haci\u00e9ndoles sentir que no valen nada.<\/p>\n\n\n\n<p>\u00bfQu\u00e9 ense\u00f1anzas debemos extraer de este tipo de situaciones? Pues bien, para el caso de aquellos chicos(as) que practican el rechazo social, el acoso, la discriminaci\u00f3n o el ciberbullying en contra de otros ni\u00f1os y ni\u00f1as, tanto los padres de estos chicos como as\u00ed tambi\u00e9n las instituciones educacionales responsables deber\u00e1n preocuparse de corregir, reeducar y, en muchos de estos casos, castigar a quienes han actuado de una manera tan miserable e irrespetuosa en relaci\u00f3n con los derechos de los dem\u00e1s. Uno de los intentos de reeducaci\u00f3n va por la v\u00eda de inculcar y\/o educar a estos sujetos con otros valores y principios c\u00edvicos y morales. Uno de estos principios dice relaci\u00f3n con el respeto por los derechos del otro y el trato digno que hay que dar a los dem\u00e1s.<\/p>\n\n\n\n<p>La raz\u00f3n para hacer ese intento de correcci\u00f3n con los victimarios, es muy simple de comprender: lo \u00fanico que buscan los ni\u00f1os(as) socialmente rechazados(as) o acosados, es lo que desean todos los ni\u00f1os por igual: ser aceptados como uno m\u00e1s en el grupo.<\/p>\n\n\n\n<p>Finalmente, es bueno recordar lo que una vez expresara Mahatma Gandhi en relaci\u00f3n con el negativo y mal comportamiento de algunas personas, a saber: <strong>\u201cNo me asusta la maldad de las personas malas, me aterroriza la indiferencia de las personas buenas\u201d<\/strong>.<\/p>\n\n\n\n<p>Dr. Franco Lotito C. \u2013 <a href=\"http:\/\/www.aurigaservicios.cl\">www.aurigaservicios.cl<\/a> &#8211; Conferencista, escritor e investigador (PUC)<\/p>\n","protected":false},"excerpt":{"rendered":"<p>\u201cNo hagas a los dem\u00e1s lo que no quisieras que te hagan a ti\u201d (Regla de Oro de la antig\u00fcedad).<\/p>\n","protected":false},"author":1,"featured_media":29520,"comment_status":"closed","ping_status":"closed","sticky":false,"template":"","format":"standard","meta":{"footnotes":""},"categories":[3,4411,4396,7,3265],"tags":[2118,337,273,247,133],"class_list":["post-29519","post","type-post","status-publish","format-standard","has-post-thumbnail","hentry","category-al-dia","category-desarrollo-personal","category-especialista","category-opinion","category-psicologia","tag-semanariolocal","tag-informacion","tag-noticias","tag-region-de-los-lagos","tag-semanario-local"],"_links":{"self":[{"href":"https:\/\/www.semanariolocal.cl\/index.php?rest_route=\/wp\/v2\/posts\/29519","targetHints":{"allow":["GET"]}}],"collection":[{"href":"https:\/\/www.semanariolocal.cl\/index.php?rest_route=\/wp\/v2\/posts"}],"about":[{"href":"https:\/\/www.semanariolocal.cl\/index.php?rest_route=\/wp\/v2\/types\/post"}],"author":[{"embeddable":true,"href":"https:\/\/www.semanariolocal.cl\/index.php?rest_route=\/wp\/v2\/users\/1"}],"replies":[{"embeddable":true,"href":"https:\/\/www.semanariolocal.cl\/index.php?rest_route=%2Fwp%2Fv2%2Fcomments&post=29519"}],"version-history":[{"count":1,"href":"https:\/\/www.semanariolocal.cl\/index.php?rest_route=\/wp\/v2\/posts\/29519\/revisions"}],"predecessor-version":[{"id":29521,"href":"https:\/\/www.semanariolocal.cl\/index.php?rest_route=\/wp\/v2\/posts\/29519\/revisions\/29521"}],"wp:featuredmedia":[{"embeddable":true,"href":"https:\/\/www.semanariolocal.cl\/index.php?rest_route=\/wp\/v2\/media\/29520"}],"wp:attachment":[{"href":"https:\/\/www.semanariolocal.cl\/index.php?rest_route=%2Fwp%2Fv2%2Fmedia&parent=29519"}],"wp:term":[{"taxonomy":"category","embeddable":true,"href":"https:\/\/www.semanariolocal.cl\/index.php?rest_route=%2Fwp%2Fv2%2Fcategories&post=29519"},{"taxonomy":"post_tag","embeddable":true,"href":"https:\/\/www.semanariolocal.cl\/index.php?rest_route=%2Fwp%2Fv2%2Ftags&post=29519"}],"curies":[{"name":"wp","href":"https:\/\/api.w.org\/{rel}","templated":true}]}}