{"id":29516,"date":"2025-06-22T00:11:54","date_gmt":"2025-06-22T04:11:54","guid":{"rendered":"https:\/\/www.semanariolocal.cl\/?p=29516"},"modified":"2025-06-22T00:12:31","modified_gmt":"2025-06-22T04:12:31","slug":"diputados-udi-cuestionan-declaraciones-de-presidente-boric-sobre-ataque-de-ee-uu","status":"publish","type":"post","link":"https:\/\/www.semanariolocal.cl\/?p=29516","title":{"rendered":"Diputados UDI cuestionan declaraciones de Presidente Boric sobre ataque de EE.UU."},"content":{"rendered":"\n<p><strong><mark style=\"background-color:#abb8c3\" class=\"has-inline-color has-white-color\">22 de junio del 2025.- <\/mark><\/strong> El jefe de la Bancada UDI, Henry Leal, junto con el diputado que integra la comisi\u00f3n de Relaciones Exteriores de la C\u00e1mara Baja, Cristhian Moreira, calificaron como \u201cimprudentes\u201d, \u201cirresponsables\u201d y \u201capresuradas\u201d&nbsp;las&nbsp;declaraciones&nbsp;quedio&nbsp;el&nbsp;Presidente&nbsp;Gabriel&nbsp;Boric&nbsp;tras&nbsp;el&nbsp;ataque&nbsp;que&nbsp;Estados&nbsp;Unidos ejecut\u00f3 en contra de tres instalaciones nucleares en Ir\u00e1n como parte del conflicto en Medio Oriente.<\/p>\n\n\n\n<p>Al respecto, los parlamentarios cuestionaron la reacci\u00f3n del Mandatario, quien tras conocerse la intervenci\u00f3n de EE.UU. escribi\u00f3 en su cuenta de X que \u201catacar centrales nucleares est\u00e1 prohibido por el derecho internacional\u201d y que, por lo mismo, \u201cChile condena este ataque\u201d, agregando que \u201ctener poder no autoriza a utilizarlo vulnerando las reglas que como humanidad nos hemos dado\u201d.<\/p>\n\n\n\n<p>En ese sentido, ambos diputados aseguraron que \u201ces profundamente imprudente que un presidente de un pa\u00eds ajeno al conflicto emita una condena p\u00fablica, en nombre de todo el Estado, si contar con la informaci\u00f3n suficiente sobre los hechos\u201d, por lo que aseguraron que \u201cen contextos de alta tensi\u00f3n internacional como el que estamos viviendo, cualquier declaraci\u00f3n puede terminar siendo muy perjudicial para los intereses de Chile y por eso siempre se ha exigido prudencia en estos asuntos\u201d.<\/p>\n\n\n\n<p>\u201cCuando lo que m\u00e1s se requiere en estos momentos es actuar con mesura y no con impulsividad, el Presidente Boric decide opinar si tener la m\u00e1s m\u00ednima informaci\u00f3n de los hechos y lo hace de manera absolutamente imprudente e inadecuada. La responsabilidad de un jefe de Estado no consiste en ser el primero en reaccionar y en hacerlo de forma inmediata, sino que de manera prudente, comprendiendo el contexto en que se produjeron estos ataques y el conflicto que lo subyace\u201d, criticaron los parlamentarios UDI, quienes adem\u00e1s advirtieron que dichas declaraciones \u201cpueden incluso ser interpretadas como un acto de injerencia indebido por parte de los pa\u00edses involucrados\u201d.<\/p>\n\n\n\n<p>En esa misma l\u00ednea, los diputados Leal y Moreira recordaron que en materia de pol\u00edtica exterior \u201cnuestro pa\u00eds siempre se ha caracterizado por actuar con responsabilidad, con cautela y con un conocimiento profundo de los hechos\u201d, reiterando que dada la complejidad del hist\u00f3rico conflicto que se vive en Medio Oriente \u201cla m\u00e1xima autoridad del pa\u00eds no puede opinar lo primero que piense\u201d.<\/p>\n\n\n\n<p>Pero adem\u00e1s, los legisladores cuestionaron la imprecisi\u00f3n que cometi\u00f3 el Mandatario al confundir centrales con instalaciones nucleares iran\u00edes, que fue justamente el blanco de los ataques de EE.UU.<\/p>\n\n\n\n<p>\u201cLamentablemente, no estamos ante una confusi\u00f3n que puede ser considerada un detalle menor, sino que demuestra una falta de precisi\u00f3n t\u00e9cnica muy preocupante, porque frente a temas tan delicados lo m\u00ednimo que se exige es un conocimiento mucho m\u00e1s acabado\u201d, criticaron Leal y Moreira.<\/p>\n\n\n\n<p>Por lo mismo, ambos parlamentarios llamaron al Presidente Boric a rectificar su declaraci\u00f3n y a emitir un pronunciamiento \u201cs\u00f3lo cuando tenga mayor informaci\u00f3n y m\u00e1s certeza de lo ha ocurrido\u201d, insistiendo en que \u201chacerlo antes puede terminar afectando incluso los intereses de nuestro pa\u00eds\u201d.<\/p>\n","protected":false},"excerpt":{"rendered":"<p>El jefe de bancada, Henry Leal, junto con el integrante de la comisi\u00f3n de RR.EE, Cristhian Moreira, conminaron al Mandatario a rectificar sus dichos y a pronunciarse sobre el conflicto \u201cs\u00f3lo cuando tenga mayor informaci\u00f3n y un conocimiento m\u00e1s acabado de lo que ocurri\u00f3\u201d.<\/p>\n","protected":false},"author":1,"featured_media":29518,"comment_status":"closed","ping_status":"closed","sticky":false,"template":"","format":"standard","meta":{"footnotes":""},"categories":[3,2890,3816,6],"tags":[2118,4410,4408,337,4409,2895,273,395,247,133],"class_list":["post-29516","post","type-post","status-publish","format-standard","has-post-thumbnail","hentry","category-al-dia","category-internacional","category-partidos-politicos","category-politica","tag-semanariolocal","tag-ataque","tag-ee-uu","tag-informacion","tag-iran","tag-medio-oriente","tag-noticias","tag-presidente-gabriel-boric","tag-region-de-los-lagos","tag-semanario-local"],"_links":{"self":[{"href":"https:\/\/www.semanariolocal.cl\/index.php?rest_route=\/wp\/v2\/posts\/29516","targetHints":{"allow":["GET"]}}],"collection":[{"href":"https:\/\/www.semanariolocal.cl\/index.php?rest_route=\/wp\/v2\/posts"}],"about":[{"href":"https:\/\/www.semanariolocal.cl\/index.php?rest_route=\/wp\/v2\/types\/post"}],"author":[{"embeddable":true,"href":"https:\/\/www.semanariolocal.cl\/index.php?rest_route=\/wp\/v2\/users\/1"}],"replies":[{"embeddable":true,"href":"https:\/\/www.semanariolocal.cl\/index.php?rest_route=%2Fwp%2Fv2%2Fcomments&post=29516"}],"version-history":[{"count":1,"href":"https:\/\/www.semanariolocal.cl\/index.php?rest_route=\/wp\/v2\/posts\/29516\/revisions"}],"predecessor-version":[{"id":29517,"href":"https:\/\/www.semanariolocal.cl\/index.php?rest_route=\/wp\/v2\/posts\/29516\/revisions\/29517"}],"wp:featuredmedia":[{"embeddable":true,"href":"https:\/\/www.semanariolocal.cl\/index.php?rest_route=\/wp\/v2\/media\/29518"}],"wp:attachment":[{"href":"https:\/\/www.semanariolocal.cl\/index.php?rest_route=%2Fwp%2Fv2%2Fmedia&parent=29516"}],"wp:term":[{"taxonomy":"category","embeddable":true,"href":"https:\/\/www.semanariolocal.cl\/index.php?rest_route=%2Fwp%2Fv2%2Fcategories&post=29516"},{"taxonomy":"post_tag","embeddable":true,"href":"https:\/\/www.semanariolocal.cl\/index.php?rest_route=%2Fwp%2Fv2%2Ftags&post=29516"}],"curies":[{"name":"wp","href":"https:\/\/api.w.org\/{rel}","templated":true}]}}