{"id":29512,"date":"2025-06-21T08:00:00","date_gmt":"2025-06-21T12:00:00","guid":{"rendered":"https:\/\/www.semanariolocal.cl\/?p=29512"},"modified":"2025-06-21T12:36:27","modified_gmt":"2025-06-21T16:36:27","slug":"la-vaca-de-chocolate-mas-grande-del-mundo-estara-este-fin-de-semana-en-el-sonesta-de-osorno","status":"publish","type":"post","link":"https:\/\/www.semanariolocal.cl\/?p=29512","title":{"rendered":"La vaca de chocolate m\u00e1s grande del mundo estar\u00e1 este fin de semana en el Sonesta de Osorno"},"content":{"rendered":"\n<p><strong><mark style=\"background-color:#abb8c3\" class=\"has-inline-color has-white-color\">21 de junio del 2025.- <\/mark><\/strong> Ante un p\u00fablico cercano a las 300 personas que llegaron hasta los salones del Hotel Sonesta, este viernes se inaugur\u00f3 la tercera versi\u00f3n del \u201cFestival del Chocolate: la Vaquita m\u00e1s grande del Mundo\u201d, evento en el que los alumnos de Gastronom\u00eda del CFT Santo Tom\u00e1s Osorno son los encargados de la construcci\u00f3n de la escultura de chocolate.<\/p>\n\n\n\n<p>La organizadora del evento, Elizabeth Arriagada, de Productora Sol del Sur, coment\u00f3 que \u201ceste es un evento que Osorno se merece y la gente est\u00e1 respondiendo poco a poco en la asistencia y convocatoria. Esperemos que siga creciendo\u201d.<\/p>\n\n\n\n<p>Por su parte, el Rector del Instituto Profesional y Centro de Formaci\u00f3n T\u00e9cnica Santo Tom\u00e1s Osorno, Eugenio Larra\u00edn, destac\u00f3 que \u201cuna de las cosas importantes es que los estudiantes tengan esta gran oportunidad. Han pasado ya tres generaciones de estudiantes que han podido trabajar en chocolate. En este caso son m\u00e1s de 500 kilos de chocolate de muy buena calidad. Que los estudiantes puedan trabajar con chef y chocolateros de mucha experiencia para poder construir esto, les va a permitir en el futuro ser muy buenos profesionales y van a tener una experiencia que no tienen todos. Eso, para nosotros, es muy significativo\u201d.<\/p>\n\n\n\n<p>Uno de los pilares de esta actividad es tambi\u00e9n el aporte que realiza cada a\u00f1o a alguna organizaci\u00f3n social. Este a\u00f1o fue beneficiada la Fundaci\u00f3n Yo Te Cuido, que agrupa a ni\u00f1os con traqueotom\u00eda y gastrostom\u00eda y sus familias, cuya presidenta, Lorna Macaya, agradeci\u00f3 esta ayuda, ya que \u201cest\u00e1bamos buscando ayuda social en la comunidad y esto nos va a abrir una ventana para toda la comunidad y fuera de Osorno (\u2026). Hoy, en lo que m\u00e1s gastamos, es en alimentaci\u00f3n, pa\u00f1ales, y queremos darle un enfoque, tambi\u00e9n, a la rehabilitaci\u00f3n domiciliaria\u201d.<\/p>\n\n\n\n<p>El evento estar\u00e1 abierto viernes, s\u00e1bado y domingo con la participaci\u00f3n de m\u00e1s de 50 emprendedores con chocolates, vinos, cremas y otros productos artesanales de primer nivel que estar\u00e1n a disposici\u00f3n del p\u00fablico. Adem\u00e1s, habr\u00e1 diversas actividades para ni\u00f1os y talleres de galletas y cocina.<\/p>\n\n\n\n<figure class=\"wp-block-image size-large\"><img loading=\"lazy\" decoding=\"async\" width=\"1000\" height=\"600\" src=\"https:\/\/www.semanariolocal.cl\/wp-content\/uploads\/2025\/06\/vaca2-1000x600.jpg\" alt=\"\" class=\"wp-image-29514\" srcset=\"https:\/\/www.semanariolocal.cl\/wp-content\/uploads\/2025\/06\/vaca2-1000x600.jpg 1000w, https:\/\/www.semanariolocal.cl\/wp-content\/uploads\/2025\/06\/vaca2-300x180.jpg 300w, https:\/\/www.semanariolocal.cl\/wp-content\/uploads\/2025\/06\/vaca2-768x461.jpg 768w, https:\/\/www.semanariolocal.cl\/wp-content\/uploads\/2025\/06\/vaca2.jpg 1200w\" sizes=\"auto, (max-width: 1000px) 100vw, 1000px\" \/><\/figure>\n","protected":false},"excerpt":{"rendered":"<p>El evento estar\u00e1 abierto viernes, s\u00e1bado y domingo con la participaci\u00f3n de m\u00e1s de 50 emprendedores con chocolates, vinos, cremas y otros productos artesanales de primer nivel que estar\u00e1n a disposici\u00f3n del p\u00fablico.<\/p>\n","protected":false},"author":1,"featured_media":29513,"comment_status":"closed","ping_status":"closed","sticky":false,"template":"","format":"standard","meta":{"footnotes":""},"categories":[11,3847,4378,4380,3590,2747],"tags":[2118,4407,337,68,273,247,2359,133,442],"class_list":["post-29512","post","type-post","status-publish","format-standard","has-post-thumbnail","hentry","category-educacion","category-emprendedores","category-eventos-especiales","category-innovacion","category-pymes","category-turismo","tag-semanariolocal","tag-hotel-sonesta","tag-informacion","tag-innovacion","tag-noticias","tag-region-de-los-lagos","tag-santo-tomas-osorno","tag-semanario-local","tag-turismo"],"_links":{"self":[{"href":"https:\/\/www.semanariolocal.cl\/index.php?rest_route=\/wp\/v2\/posts\/29512","targetHints":{"allow":["GET"]}}],"collection":[{"href":"https:\/\/www.semanariolocal.cl\/index.php?rest_route=\/wp\/v2\/posts"}],"about":[{"href":"https:\/\/www.semanariolocal.cl\/index.php?rest_route=\/wp\/v2\/types\/post"}],"author":[{"embeddable":true,"href":"https:\/\/www.semanariolocal.cl\/index.php?rest_route=\/wp\/v2\/users\/1"}],"replies":[{"embeddable":true,"href":"https:\/\/www.semanariolocal.cl\/index.php?rest_route=%2Fwp%2Fv2%2Fcomments&post=29512"}],"version-history":[{"count":1,"href":"https:\/\/www.semanariolocal.cl\/index.php?rest_route=\/wp\/v2\/posts\/29512\/revisions"}],"predecessor-version":[{"id":29515,"href":"https:\/\/www.semanariolocal.cl\/index.php?rest_route=\/wp\/v2\/posts\/29512\/revisions\/29515"}],"wp:featuredmedia":[{"embeddable":true,"href":"https:\/\/www.semanariolocal.cl\/index.php?rest_route=\/wp\/v2\/media\/29513"}],"wp:attachment":[{"href":"https:\/\/www.semanariolocal.cl\/index.php?rest_route=%2Fwp%2Fv2%2Fmedia&parent=29512"}],"wp:term":[{"taxonomy":"category","embeddable":true,"href":"https:\/\/www.semanariolocal.cl\/index.php?rest_route=%2Fwp%2Fv2%2Fcategories&post=29512"},{"taxonomy":"post_tag","embeddable":true,"href":"https:\/\/www.semanariolocal.cl\/index.php?rest_route=%2Fwp%2Fv2%2Ftags&post=29512"}],"curies":[{"name":"wp","href":"https:\/\/api.w.org\/{rel}","templated":true}]}}