{"id":29497,"date":"2025-06-18T20:57:20","date_gmt":"2025-06-19T00:57:20","guid":{"rendered":"https:\/\/www.semanariolocal.cl\/?p=29497"},"modified":"2025-06-18T21:17:14","modified_gmt":"2025-06-19T01:17:14","slug":"senador-espinoza-por-dichos-de-ex-presidente-frei-ley-lafkenche-hay-que-perfeccionarla-no-eliminarla","status":"publish","type":"post","link":"https:\/\/www.semanariolocal.cl\/?p=29497","title":{"rendered":"Senador Espinoza por dichos de ex Presidente Frei. \u201cLey Lafkenche hay que perfeccionarla, no eliminarla\u201d."},"content":{"rendered":"\n<p><strong><mark style=\"background-color:#abb8c3\" class=\"has-inline-color has-white-color\">18 de junio del 2025.- <\/mark><\/strong>El senador (PS) Fidel Espinoza, se refiri\u00f3 a las declaraciones de Eduardo Frei Ruiz-Tagle en la Expo Osaka 2025, donde en un discurso el expresidente se\u00f1al\u00f3 que \u201clo primero que tenemos que hacer es matar la Ley Lafkenche\u201d.<\/p>\n\n\n\n<p>En ese contexto, el parlamentario expres\u00f3 estar \u201c<em>en absoluto desacuerdo con el expresidente, quien ha dicho de manera taxativa que hay que matar, eliminar la ley Lafkenche. <strong>Yo creo que los extremos son malos.<\/strong> <strong>Es malo el extremo de los que quieren eliminar la ley por completo, y es malo el que no quiere que haya ninguna modificaci\u00f3n<\/strong><\/em>\u201d.<\/p>\n\n\n\n<p>\u201c<em>La ley Lafkenche <strong>tiene que tener modificaciones legales<\/strong> que mejoren su actual sistema de instauraci\u00f3n, porque lamentablemente, como lo he denunciado de manera p\u00fablica, <strong>hay personas que se han aprovechado<\/strong> y est\u00e1n cobrando millonarios recursos para desafectar \u00e1reas para otros usos dentro de las costas de nuestro sur<\/em>\u201d, explic\u00f3 el senador.<\/p>\n\n\n\n<p>El parlamentario por Los Lagos continu\u00f3 explicando que \u201c<em>hay una demora excesiva cuando hay petici\u00f3n de ECMPO, donde no se pueden construir obras p\u00fablicas con recursos fiscales. <strong>Todas esas cosas tienen que ser mejoradas desde el punto de vista legal<\/strong>, lo cual ratifica el hecho que he venido planteando durante largo tiempo: <strong>la ley requiere modificaciones legales, no administrativas como algunos quieren<\/strong><\/em>\u201d.<\/p>\n\n\n\n<p>\u201c<em>En la comisi\u00f3n de Pesca del Senado, ya <strong>hemos aprobado una docena de modificaciones que buscan mejorar y perfeccionar la ley<\/strong>. <strong>Los dichos del expresidente Frei son grav\u00edsimos<\/strong>, porque busca eliminar una ley que nace con un buen esp\u00edritu el a\u00f1o 2007 y que algunos lamentablemente torcieron, ya que generalmente en Chile, hecha la ley, hecha la trampa, y algunos se han aprovechado de algunas <strong>debilidades que vamos a mejorar<\/strong><\/em>\u201d, plante\u00f3 el senador.<\/p>\n\n\n\n<p>El parlamentario finaliz\u00f3 haciendo un llamado \u201c<em>al Senado, a que pronto <strong>discutamos en sala la ley Lafkenche<\/strong>. Una discusi\u00f3n <strong>democr\u00e1tica<\/strong>, con altura de miras, en la cual avancemos en materias que tengamos que avanzar para <strong>mejorarla, perfeccionarla, pero jam\u00e1s eliminarla<\/strong>. No est\u00e1 en nuestro esp\u00edritu eliminar la ley Lafkenche como algunos la quieren y como lo ha planteado el expresidente Frei<\/em>\u201d.<\/p>\n","protected":false},"excerpt":{"rendered":"<p>El parlamentario por la regi\u00f3n de Los Lagos hizo un llamado al Senado a discutir prontamente en sala la Ley Lafkenche, asegurando que esta requiere de modificaciones legales que la mejoren.<\/p>\n","protected":false},"author":1,"featured_media":29498,"comment_status":"closed","ping_status":"closed","sticky":false,"template":"","format":"standard","meta":{"footnotes":""},"categories":[3,4277,3123,2493,3802,6,4400],"tags":[337,273,3524,247,133,702],"class_list":["post-29497","post","type-post","status-publish","format-standard","has-post-thumbnail","hentry","category-al-dia","category-industria-pesquera","category-litoral","category-pesca","category-pesca-artesanal","category-politica","category-pueblos-originarios","tag-informacion","tag-noticias","tag-politica-2","tag-region-de-los-lagos","tag-semanario-local","tag-senador-fidel-espinoza"],"_links":{"self":[{"href":"https:\/\/www.semanariolocal.cl\/index.php?rest_route=\/wp\/v2\/posts\/29497","targetHints":{"allow":["GET"]}}],"collection":[{"href":"https:\/\/www.semanariolocal.cl\/index.php?rest_route=\/wp\/v2\/posts"}],"about":[{"href":"https:\/\/www.semanariolocal.cl\/index.php?rest_route=\/wp\/v2\/types\/post"}],"author":[{"embeddable":true,"href":"https:\/\/www.semanariolocal.cl\/index.php?rest_route=\/wp\/v2\/users\/1"}],"replies":[{"embeddable":true,"href":"https:\/\/www.semanariolocal.cl\/index.php?rest_route=%2Fwp%2Fv2%2Fcomments&post=29497"}],"version-history":[{"count":1,"href":"https:\/\/www.semanariolocal.cl\/index.php?rest_route=\/wp\/v2\/posts\/29497\/revisions"}],"predecessor-version":[{"id":29499,"href":"https:\/\/www.semanariolocal.cl\/index.php?rest_route=\/wp\/v2\/posts\/29497\/revisions\/29499"}],"wp:featuredmedia":[{"embeddable":true,"href":"https:\/\/www.semanariolocal.cl\/index.php?rest_route=\/wp\/v2\/media\/29498"}],"wp:attachment":[{"href":"https:\/\/www.semanariolocal.cl\/index.php?rest_route=%2Fwp%2Fv2%2Fmedia&parent=29497"}],"wp:term":[{"taxonomy":"category","embeddable":true,"href":"https:\/\/www.semanariolocal.cl\/index.php?rest_route=%2Fwp%2Fv2%2Fcategories&post=29497"},{"taxonomy":"post_tag","embeddable":true,"href":"https:\/\/www.semanariolocal.cl\/index.php?rest_route=%2Fwp%2Fv2%2Ftags&post=29497"}],"curies":[{"name":"wp","href":"https:\/\/api.w.org\/{rel}","templated":true}]}}