{"id":2941,"date":"2021-11-08T10:14:00","date_gmt":"2021-11-08T13:14:00","guid":{"rendered":"https:\/\/www.semanariolocal.cl\/?p=2941"},"modified":"2021-11-08T23:19:51","modified_gmt":"2021-11-09T02:19:51","slug":"articulacion-educativa-un-desafio-de-hoy","status":"publish","type":"post","link":"https:\/\/www.semanariolocal.cl\/?p=2941","title":{"rendered":"Articulaci\u00f3n Educativa: Un desaf\u00edo de hoy"},"content":{"rendered":"\n<p style=\"font-size:17px\">En Chile casi el 40% de los estudiantes que asisten a educaci\u00f3n media, lo hacen en la modalidad Educaci\u00f3n Media T\u00e9cnica Profesional EMTP, de ah\u00ed la relevancia de una pol\u00edtica p\u00fablica que hoy tiene como actor principal al Mineduc, a trav\u00e9s de la creaci\u00f3n del Acuerdo Nacional de Articulaci\u00f3n, y que busca generar m\u00e1s fluidez en el proceso de articulaci\u00f3n entre la educaci\u00f3n media y la educaci\u00f3n superior TP, y que fue firmado en 2019 y desde 2021 incluye las 35 especialidades de Educaci\u00f3n Media T\u00e9cnico Profesional. A este acuerdo adscriben 35 instituciones de Educaci\u00f3n Superior T\u00e9cnico Profesional, entre ellas Santo Tom\u00e1s.<\/p>\n\n\n\n<p style=\"font-size:17px\">Seg\u00fan los datos del Centros de Estudios del Mineduc (CEM), del universo total de estudiantes que se matricularon durante el a\u00f1o 2021 en la educaci\u00f3n superior, solo el 17% representa un ingreso directamente a un Centro de Formaci\u00f3n T\u00e9cnica (CFT), los que se caracterizan por tener entre 20 y 24 a\u00f1os de edad (alrededor del 50%). Con todos estos datos resulta relevante poner el foco en este grupo de estudiantes y tomar decisiones en conjunto con organismos del Estado que vengan a potenciar una formaci\u00f3n t\u00e9cnico profesional, que a todas luces requiere mayor desarrollo para nuestra sociedad.<\/p>\n\n\n\n<p style=\"font-size:17px\">Otra acci\u00f3n importante en esta direcci\u00f3n fue la generaci\u00f3n de un Marco de Cualificaciones T\u00e9cnico profesional que busca facilitar el desarrollo de trayectorias educativas y laborales de las personas, asimismo, fortalecer la calidad y pertinencia entre la oferta formativa y las necesidades del mundo laboral, aportando a la comprensi\u00f3n y legibilidad del sistema (Mineduc, sf). Uno de los objetivos m\u00e1s importantes de este marco es \u201cArticular entre distintos niveles educativos, y entre la educaci\u00f3n formal y no formal\u201d.<\/p>\n\n\n\n<p style=\"font-size:17px\">En consecuencia, la articulaci\u00f3n es un proceso pedag\u00f3gico y de gesti\u00f3n que implica acciones conjuntas para facilitar el tr\u00e1nsito y la movilidad de los estudiantes entre los distintos niveles y ofertas educativas, adem\u00e1s del reconocimiento de los aprendizajes obtenidos en distintos escenarios formativos. Este desaf\u00edo debe seguir siendo profundizado, para potenciar en nuestro pa\u00eds la formaci\u00f3n t\u00e9cnica, puesto que la articulaci\u00f3n y\/o transici\u00f3n es una estrategia que viene a fortalecer la mirada en el mundo t\u00e9cnico profesional y ofrecer opciones reales a los estudiantes para continuar estudios superiores.<\/p>\n\n\n\n<p style=\"font-size:17px\"><strong>Por H\u00e9ctor \u00c1lvarez Inostroza<\/strong><\/p>\n\n\n\n<p style=\"font-size:17px\"><strong>Director Escuela Los Volcanes, Llanquihue<\/strong><\/p>\n\n\n\n<p style=\"font-size:17px\"><strong>Socio Comunitario IES Santo Tom\u00e1s, Osorno<\/strong><\/p>\n","protected":false},"excerpt":{"rendered":"<p>En Chile casi el 40% de los estudiantes que asisten a educaci\u00f3n media, lo hacen en la modalidad Educaci\u00f3n Media T\u00e9cnica Profesional EMTP, de ah\u00ed la relevancia de una pol\u00edtica p\u00fablica que hoy tiene como actor principal al Mineduc, a trav\u00e9s de la creaci\u00f3n del Acuerdo Nacional de Articulaci\u00f3n, y que busca generar m\u00e1s fluidez&#8230;<a class=\"btnReadMore\" href=\"https:\/\/www.semanariolocal.cl\/?p=2941\"> Leer M\u00e1s<\/a><\/p>\n","protected":false},"author":1,"featured_media":2942,"comment_status":"closed","ping_status":"closed","sticky":false,"template":"","format":"standard","meta":{"footnotes":""},"categories":[11,7],"tags":[],"class_list":["post-2941","post","type-post","status-publish","format-standard","has-post-thumbnail","hentry","category-educacion","category-opinion"],"_links":{"self":[{"href":"https:\/\/www.semanariolocal.cl\/index.php?rest_route=\/wp\/v2\/posts\/2941","targetHints":{"allow":["GET"]}}],"collection":[{"href":"https:\/\/www.semanariolocal.cl\/index.php?rest_route=\/wp\/v2\/posts"}],"about":[{"href":"https:\/\/www.semanariolocal.cl\/index.php?rest_route=\/wp\/v2\/types\/post"}],"author":[{"embeddable":true,"href":"https:\/\/www.semanariolocal.cl\/index.php?rest_route=\/wp\/v2\/users\/1"}],"replies":[{"embeddable":true,"href":"https:\/\/www.semanariolocal.cl\/index.php?rest_route=%2Fwp%2Fv2%2Fcomments&post=2941"}],"version-history":[{"count":1,"href":"https:\/\/www.semanariolocal.cl\/index.php?rest_route=\/wp\/v2\/posts\/2941\/revisions"}],"predecessor-version":[{"id":2943,"href":"https:\/\/www.semanariolocal.cl\/index.php?rest_route=\/wp\/v2\/posts\/2941\/revisions\/2943"}],"wp:featuredmedia":[{"embeddable":true,"href":"https:\/\/www.semanariolocal.cl\/index.php?rest_route=\/wp\/v2\/media\/2942"}],"wp:attachment":[{"href":"https:\/\/www.semanariolocal.cl\/index.php?rest_route=%2Fwp%2Fv2%2Fmedia&parent=2941"}],"wp:term":[{"taxonomy":"category","embeddable":true,"href":"https:\/\/www.semanariolocal.cl\/index.php?rest_route=%2Fwp%2Fv2%2Fcategories&post=2941"},{"taxonomy":"post_tag","embeddable":true,"href":"https:\/\/www.semanariolocal.cl\/index.php?rest_route=%2Fwp%2Fv2%2Ftags&post=2941"}],"curies":[{"name":"wp","href":"https:\/\/api.w.org\/{rel}","templated":true}]}}